{"id":5651,"date":"2024-09-19T16:38:33","date_gmt":"2024-09-19T14:38:33","guid":{"rendered":"https:\/\/elcafedepipa.com\/?p=5651"},"modified":"2024-09-19T16:38:34","modified_gmt":"2024-09-19T14:38:34","slug":"el-pspv-culpa-mazon-i-vox-del-collapse-en-la-delegacio-de-cultura-de-castello-que-posa-en-perill-larribada-de-fons-europeus-per-a-la-recuperacio-de-patrimoni","status":"publish","type":"post","link":"https:\/\/elcafedepipa.com\/index.php\/2024\/09\/19\/el-pspv-culpa-mazon-i-vox-del-collapse-en-la-delegacio-de-cultura-de-castello-que-posa-en-perill-larribada-de-fons-europeus-per-a-la-recuperacio-de-patrimoni\/","title":{"rendered":"El PSPV culpa Maz\u00f3n i Vox del col\u00b7lapse en la delegaci\u00f3 de Cultura de Castell\u00f3 que posa en perill l&#8217;arribada de fons europeus per a la recuperaci\u00f3 de patrimoni"},"content":{"rendered":"\n<p>El PSPV-PSOE de Castell\u00f3 adverteix que la delegaci\u00f3 de Cultura de la Generalitat a la prov\u00edncia est\u00e0 pr\u00e0cticament desmantellada i opera cada dia amb molt poc personal, \u201cuna situaci\u00f3 molt greu qu\u00e8 est\u00e0 posant contra les cordes a molts ajuntaments que poden perdre fons europeus i altres ajudes pel col\u00b7lapse en la tramitaci\u00f3 i aprovaci\u00f3 d&#8217;expedients\u201d. El secretari general socialista, Samuel Falomir, reclama que s&#8217;amplie la plantilla i es desbloquegen els projectes que s&#8217;amunteguen en els despatxos a l&#8217;espera de ser validats per a comen\u00e7ar els treballs, la majoria de recuperaci\u00f3 del patrimoni i que van lligats a convocat\u00f2ries de subvencions amb terminis molt marcats.<\/p>\n\n\n\n<p>\u201c\u00c9s una temeritat que el Consell del PP, de la m\u00e0 de Vox, que ha comandat la conselleria de Cultura durant un any, estiga provocant tant d&#8217;estr\u00e9s als ajuntaments que veuen c\u00f3rrer els dies sense rebre cap resposta de la Generalitat i el que \u00e9s pitjor, que noten la des\u00eddia de Maz\u00f3n per a donar soluci\u00f3 un problema que podria tindre conseq\u00fc\u00e8ncies molt negatives per als municipis, com \u00e9s la p\u00e8rdua de subvencions per alguna cosa que no dep\u00e9n d&#8217;ells\u201d.<\/p>\n\n\n\n<p>Alcaldes i alcaldesses socialistes de municipis com Alboc\u00e0sser, Cabanes, Castell de Cabres, el Forcall i Sant Mateu ja han denunciat aquesta par\u00e0lisi i lamenten que Maz\u00f3n \u201cens tinga en suspens en no contestar cap requeriment\u201d. Aquestes localitats tenen projectes culturals i esportius paralitzats a l&#8217;espera d&#8217;informes d&#8217;autoritzaci\u00f3 que no arriben.<\/p>\n\n\n\n<p>El l\u00edder socialista demana al Consell del PP que deixe de retallar i convertir la Generalitat \u201cen un solar, perqu\u00e8 amb cada decisi\u00f3 que prenen l&#8217;\u00fanica cosa que aconsegueixen \u00e9s posar cada vegada m\u00e9s obstacles als ajuntaments, que el que necessiten \u00e9s una administraci\u00f3 \u00e0gil i \u00fatil, no lenta i in\u00fatil\u201d. \u201cDemanem que s&#8217;agilitzen els tr\u00e0mits pendents per a evitar que els projectes continuen acumulant retards i que en un futur no h\u00e0gem de lamentar la p\u00e8rdua de cap inversi\u00f3 clau ni cap oportunitat de desenvolupament cultural i patrimonial a la nostra prov\u00edncia\u201d.<\/p>\n","protected":false},"excerpt":{"rendered":"<p>El PSPV-PSOE de Castell\u00f3 adverteix que la delegaci\u00f3 de Cultura de la Generalitat a la prov\u00edncia est\u00e0 pr\u00e0cticament desmantellada i opera cada dia amb molt poc personal, \u201cuna situaci\u00f3 molt greu qu\u00e8 est\u00e0 posant contra les cordes a molts ajuntaments que poden perdre fons europeus i altres ajudes pel col\u00b7lapse en la tramitaci\u00f3 i aprovaci\u00f3 &#8230; <a title=\"El PSPV culpa Maz\u00f3n i Vox del col\u00b7lapse en la delegaci\u00f3 de Cultura de Castell\u00f3 que posa en perill l&#8217;arribada de fons europeus per a la recuperaci\u00f3 de patrimoni\" class=\"read-more\" href=\"https:\/\/elcafedepipa.com\/index.php\/2024\/09\/19\/el-pspv-culpa-mazon-i-vox-del-collapse-en-la-delegacio-de-cultura-de-castello-que-posa-en-perill-larribada-de-fons-europeus-per-a-la-recuperacio-de-patrimoni\/\" aria-label=\"M\u00e9s informaci\u00f3 sobre El PSPV culpa Maz\u00f3n i Vox del col\u00b7lapse en la delegaci\u00f3 de Cultura de Castell\u00f3 que posa en perill l&#8217;arribada de fons europeus per a la recuperaci\u00f3 de patrimoni\">Read more<\/a><\/p>\n","protected":false},"author":2,"featured_media":0,"comment_status":"closed","ping_status":"closed","sticky":false,"template":"","format":"standard","meta":{"om_disable_all_campaigns":false,"_monsterinsights_skip_tracking":false,"_monsterinsights_sitenote_active":false,"_monsterinsights_sitenote_note":"","_monsterinsights_sitenote_category":0,"_uf_show_specific_survey":0,"_uf_disable_surveys":false,"footnotes":""},"categories":[10],"tags":[],"class_list":["post-5651","post","type-post","status-publish","format-standard","hentry","category-provinciadecastello"],"_links":{"self":[{"href":"https:\/\/elcafedepipa.com\/index.php\/wp-json\/wp\/v2\/posts\/5651","targetHints":{"allow":["GET"]}}],"collection":[{"href":"https:\/\/elcafedepipa.com\/index.php\/wp-json\/wp\/v2\/posts"}],"about":[{"href":"https:\/\/elcafedepipa.com\/index.php\/wp-json\/wp\/v2\/types\/post"}],"author":[{"embeddable":true,"href":"https:\/\/elcafedepipa.com\/index.php\/wp-json\/wp\/v2\/users\/2"}],"replies":[{"embeddable":true,"href":"https:\/\/elcafedepipa.com\/index.php\/wp-json\/wp\/v2\/comments?post=5651"}],"version-history":[{"count":0,"href":"https:\/\/elcafedepipa.com\/index.php\/wp-json\/wp\/v2\/posts\/5651\/revisions"}],"wp:attachment":[{"href":"https:\/\/elcafedepipa.com\/index.php\/wp-json\/wp\/v2\/media?parent=5651"}],"wp:term":[{"taxonomy":"category","embeddable":true,"href":"https:\/\/elcafedepipa.com\/index.php\/wp-json\/wp\/v2\/categories?post=5651"},{"taxonomy":"post_tag","embeddable":true,"href":"https:\/\/elcafedepipa.com\/index.php\/wp-json\/wp\/v2\/tags?post=5651"}],"curies":[{"name":"wp","href":"https:\/\/api.w.org\/{rel}","templated":true}]}}