{"id":5634,"date":"2024-09-19T16:21:45","date_gmt":"2024-09-19T14:21:45","guid":{"rendered":"https:\/\/elcafedepipa.com\/?p=5634"},"modified":"2024-09-19T16:21:53","modified_gmt":"2024-09-19T14:21:53","slug":"marta-barrachina-destaca-el-incondicional-suport-del-consell-de-mazon-al-cluster-ceramic-de-la-provincia","status":"publish","type":"post","link":"https:\/\/elcafedepipa.com\/index.php\/2024\/09\/19\/marta-barrachina-destaca-el-incondicional-suport-del-consell-de-mazon-al-cluster-ceramic-de-la-provincia\/","title":{"rendered":"Marta Barrachina destaca el \u201cincondicional\u201d suport del Consell de Maz\u00f3n al cl\u00faster cer\u00e0mic de la prov\u00edncia"},"content":{"rendered":"\n<p>Igual que en el moment de l&#8217;anunci de l&#8217;acord el mes de febrer passat, la dirigent provincial ha sigut part\u00edcip este dijous de la presentaci\u00f3 de la campanya de promoci\u00f3 cer\u00e0mica de la prov\u00edncia de Castell\u00f3 que compta amb una injecci\u00f3 per part de la Generalitat de 600.000 euros i s&#8217;ha dissenyat seguint les necessitats del propi sector cer\u00e0mic.<\/p>\n\n\n\n<p>La presidenta de la Diputaci\u00f3 ha posat en valor l&#8217;acord entre el Consell i Ascer per a la promoci\u00f3 d&#8217;una ind\u00fastria estrat\u00e8gica per a la prov\u00edncia, \u201cuna iniciativa ambiciosa i nova amb la qual es refor\u00e7ar\u00e0 la projecci\u00f3 de la nostra cer\u00e0mica en el mercat nacional i internacional\u201d.<\/p>\n\n\n\n<p>La m\u00e0xima representant de la instituci\u00f3 provincial ha expressat que \u201chem de continuar fent tots junts Castell\u00f3 com a terra de cer\u00e0mica\u201d i, com ha afegit, \u201cla col\u00b7laboraci\u00f3 p\u00fablic-privada com l&#8217;acord entre el Consell i Ascer \u00e9s el cam\u00ed a seguir per a mostrar i demostrar la innovaci\u00f3, el disseny i la qualitat de la nostra cer\u00e0mica, un sector que sost\u00e9 l&#8217;economia de la nostra prov\u00edncia\u201d.<\/p>\n\n\n\n<p>La presidenta de la Diputaci\u00f3 ha incidit en el seu comprom\u00eds per al\u00e7ar la veu i defendre els interessos i les demandes del sector cer\u00e0mic perqu\u00e8 des de la instituci\u00f3 provincial \u201chem de continuar reivindicant les demandes dels nostres sectors estrat\u00e8gics i motors de la prov\u00edncia com \u00e9s la nostra cer\u00e0mica\u201d.<\/p>\n","protected":false},"excerpt":{"rendered":"<p>Igual que en el moment de l&#8217;anunci de l&#8217;acord el mes de febrer passat, la dirigent provincial ha sigut part\u00edcip este dijous de la presentaci\u00f3 de la campanya de promoci\u00f3 cer\u00e0mica de la prov\u00edncia de Castell\u00f3 que compta amb una injecci\u00f3 per part de la Generalitat de 600.000 euros i s&#8217;ha dissenyat seguint les necessitats &#8230; <a title=\"Marta Barrachina destaca el \u201cincondicional\u201d suport del Consell de Maz\u00f3n al cl\u00faster cer\u00e0mic de la prov\u00edncia\" class=\"read-more\" href=\"https:\/\/elcafedepipa.com\/index.php\/2024\/09\/19\/marta-barrachina-destaca-el-incondicional-suport-del-consell-de-mazon-al-cluster-ceramic-de-la-provincia\/\" aria-label=\"M\u00e9s informaci\u00f3 sobre Marta Barrachina destaca el \u201cincondicional\u201d suport del Consell de Maz\u00f3n al cl\u00faster cer\u00e0mic de la prov\u00edncia\">Read more<\/a><\/p>\n","protected":false},"author":2,"featured_media":0,"comment_status":"closed","ping_status":"closed","sticky":false,"template":"","format":"standard","meta":{"om_disable_all_campaigns":false,"_monsterinsights_skip_tracking":false,"_monsterinsights_sitenote_active":false,"_monsterinsights_sitenote_note":"","_monsterinsights_sitenote_category":0,"_uf_show_specific_survey":0,"_uf_disable_surveys":false,"footnotes":""},"categories":[10],"tags":[],"class_list":["post-5634","post","type-post","status-publish","format-standard","hentry","category-provinciadecastello"],"_links":{"self":[{"href":"https:\/\/elcafedepipa.com\/index.php\/wp-json\/wp\/v2\/posts\/5634","targetHints":{"allow":["GET"]}}],"collection":[{"href":"https:\/\/elcafedepipa.com\/index.php\/wp-json\/wp\/v2\/posts"}],"about":[{"href":"https:\/\/elcafedepipa.com\/index.php\/wp-json\/wp\/v2\/types\/post"}],"author":[{"embeddable":true,"href":"https:\/\/elcafedepipa.com\/index.php\/wp-json\/wp\/v2\/users\/2"}],"replies":[{"embeddable":true,"href":"https:\/\/elcafedepipa.com\/index.php\/wp-json\/wp\/v2\/comments?post=5634"}],"version-history":[{"count":0,"href":"https:\/\/elcafedepipa.com\/index.php\/wp-json\/wp\/v2\/posts\/5634\/revisions"}],"wp:attachment":[{"href":"https:\/\/elcafedepipa.com\/index.php\/wp-json\/wp\/v2\/media?parent=5634"}],"wp:term":[{"taxonomy":"category","embeddable":true,"href":"https:\/\/elcafedepipa.com\/index.php\/wp-json\/wp\/v2\/categories?post=5634"},{"taxonomy":"post_tag","embeddable":true,"href":"https:\/\/elcafedepipa.com\/index.php\/wp-json\/wp\/v2\/tags?post=5634"}],"curies":[{"name":"wp","href":"https:\/\/api.w.org\/{rel}","templated":true}]}}