{"id":5606,"date":"2024-09-18T15:28:47","date_gmt":"2024-09-18T13:28:47","guid":{"rendered":"https:\/\/elcafedepipa.com\/?p=5606"},"modified":"2024-09-18T15:28:50","modified_gmt":"2024-09-18T13:28:50","slug":"el-jurat-dels-lxx-jocs-florals-vila-de-nules-avalua-ja-els-treballs-presentats-lacte-de-lliurament-sera-el-4-doctubre","status":"publish","type":"post","link":"https:\/\/elcafedepipa.com\/index.php\/2024\/09\/18\/el-jurat-dels-lxx-jocs-florals-vila-de-nules-avalua-ja-els-treballs-presentats-lacte-de-lliurament-sera-el-4-doctubre\/","title":{"rendered":"El Jurat dels LXX Jocs Florals Vila de Nules avalua ja els treballs presentats. L&#8217;acte de lliurament ser\u00e0 el 4 d&#8217;octubre"},"content":{"rendered":"\n<p>Els membres del jurat de la LXX edici\u00f3 dels Jocs Florals Vila de Nules i dels VIII Premis d\u2019Investigaci\u00f3 i Divulgaci\u00f3 s\u2019han reunit per primera vegada aquesta setmana per a comen\u00e7ar a treballar en l\u2019avaluaci\u00f3 dels treballs presentats a aquest certamen literari i premis que tenen lloc a aquesta localitat de la comarca de la Plana Baixa el pr\u00f2xim divendres 4 d\u2019octubre.<\/p>\n\n\n\n<p>El jurat est\u00e0 format per persones amb una traject\u00f2ria i prestigi en el mon de les lletres com ara els acad\u00e8mics de l\u2019Acad\u00e8mia Valenciana de la Llengua Rosa Agost Can\u00f3s i Josep Palomero Almela, a m\u00e9s de Antoni Bonet, Carla Masegosa, Joan Gavara, Jos\u00e9 Gavara, Manel Alonso i Jos\u00e9 Miguel Segura, aix\u00ed mateix presideix el jurat la regidora de Cultura, Mar\u00eda Jos\u00e9 Esteban, juntament amb l\u2019alcalde, David Garc\u00eda.<\/p>\n\n\n\n<p>La celebraci\u00f3 dels Jocs Florals Vila de Nules inclour\u00e0 la presentaci\u00f3 del llibre guanyador de la Flor Natural 2023 anomenat \u00a0\u201cEt\u00e8ria\u201d de l\u2019autor Berna Blanch.\u00a0\u00a0\u00a0\u00a0<\/p>\n\n\n\n<p>En relaci\u00f3 als guardons emmarcats en els Jocs Florals Vila de Nules cal recordar, per una banda, els Premis Ordinaris que inclouen els premis \u201cFlor Natural\u201d amb un import de 4.000 euros al millor poemari de tema i metres lliures; \u201cPoesia de tema religi\u00f3s o \u00e8tic\u201d amb un premi de 500 euros; i &nbsp;\u201cPoesia de tema patri\u00f2tic\u201d dotat tamb\u00e9 amb 500 euros.<\/p>\n\n\n\n<p>Per altra, hi ha els Premis Extraordinaris en qu\u00e8 s&#8217;inclouen el \u201cPremi de poesia Anna Rebeca\u201d premiat amb 1.000 euros al millor poema d&#8217;almenys 70 versos de tema lliure escrit per un ve\u00ed de Nules, i el \u201cPremi Poemari Infantil\u201d amb 500 euros que guardona el millor poema de tema lliure adre\u00e7at a xiquets i xiquetes.<\/p>\n\n\n\n<p><strong>VIII Premis d\u2019Investigaci\u00f3 i Divulgaci\u00f3<\/strong><\/p>\n\n\n\n<p>A aquests premis acompanyen per vuit\u00e8 any els Premis d&#8217;Investigaci\u00f3 i Divulgaci\u00f3 entre els que s&#8217;inclouen els guardons l&#8217;\u201dInvestigaci\u00f3 Ling\u00fc\u00edstica sobre el Valenci\u00e0\u201d patrocinat per l&#8217;Acad\u00e8mia Valenciana de la Llengua amb un premi de 2.000 euros; \u201cAspectes hist\u00f2rics del poble de Nules\u201d amb un guard\u00f3 de 500 euros que reconeix el millor estudi sobre qualsevol aspecte hist\u00f2ric de la vila de Nules; \u201cNules y su futuro industrial ante la crisis comercial de los c\u00edtricos\u201d patrocinat per l\u2019empresa Grespania que com a novetat en aquesta edici\u00f3 incrementa l\u2019import a 1.000 euros, i \u201cCuarenta a\u00f1os con nuestros mayores\u201d dirigit als majors de 60 anys i patrocinat per la Resid\u00e8ncia Verge de la Soledat que atorgar\u00e0 un premi de 250 euros.<\/p>\n\n\n\n<p>Alhora, se sumen altres premis com ara \u201cBandas militares. Historia y tradici\u00f3n\u201d organitzat per la Societat Musical Art\u00edstica Nulera i amb un premi de 500 euros; &nbsp;\u201cEl valor diferenciador de la citricultura valenciana, frente a otros \u00e1mbitos geogr\u00e1ficos\u201d patrocinat per la Cooperativa Agr\u00edcola Sant Josep de Nules amb un premi de 600 euros; &nbsp;\u201cLa Responsabilidad Social Corporativa como elemento estrat\u00e9gico en el acceso a la financiaci\u00f3n\u201d de la Caixa Rural Sant Josep de Nules amb un import de 1.000 euros; i \u201cLa artesan\u00eda como fortaleza en la creaci\u00f3n de empleo y en defensa de nuestra cultura y tradici\u00f3n\u201d guardonat amb 1.000 euros i patrocinat per l\u2019empresa local La Plana Granados Monlle\u00f3.<\/p>\n\n\n\n<p><\/p>\n","protected":false},"excerpt":{"rendered":"<p>Els membres del jurat de la LXX edici\u00f3 dels Jocs Florals Vila de Nules i dels VIII Premis d\u2019Investigaci\u00f3 i Divulgaci\u00f3 s\u2019han reunit per primera vegada aquesta setmana per a comen\u00e7ar a treballar en l\u2019avaluaci\u00f3 dels treballs presentats a aquest certamen literari i premis que tenen lloc a aquesta localitat de la comarca de la &#8230; <a title=\"El Jurat dels LXX Jocs Florals Vila de Nules avalua ja els treballs presentats. L&#8217;acte de lliurament ser\u00e0 el 4 d&#8217;octubre\" class=\"read-more\" href=\"https:\/\/elcafedepipa.com\/index.php\/2024\/09\/18\/el-jurat-dels-lxx-jocs-florals-vila-de-nules-avalua-ja-els-treballs-presentats-lacte-de-lliurament-sera-el-4-doctubre\/\" aria-label=\"M\u00e9s informaci\u00f3 sobre El Jurat dels LXX Jocs Florals Vila de Nules avalua ja els treballs presentats. L&#8217;acte de lliurament ser\u00e0 el 4 d&#8217;octubre\">Read more<\/a><\/p>\n","protected":false},"author":2,"featured_media":0,"comment_status":"closed","ping_status":"closed","sticky":false,"template":"","format":"standard","meta":{"om_disable_all_campaigns":false,"_monsterinsights_skip_tracking":false,"_monsterinsights_sitenote_active":false,"_monsterinsights_sitenote_note":"","_monsterinsights_sitenote_category":0,"_uf_show_specific_survey":0,"_uf_disable_surveys":false,"footnotes":""},"categories":[3],"tags":[],"class_list":["post-5606","post","type-post","status-publish","format-standard","hentry","category-nules"],"_links":{"self":[{"href":"https:\/\/elcafedepipa.com\/index.php\/wp-json\/wp\/v2\/posts\/5606","targetHints":{"allow":["GET"]}}],"collection":[{"href":"https:\/\/elcafedepipa.com\/index.php\/wp-json\/wp\/v2\/posts"}],"about":[{"href":"https:\/\/elcafedepipa.com\/index.php\/wp-json\/wp\/v2\/types\/post"}],"author":[{"embeddable":true,"href":"https:\/\/elcafedepipa.com\/index.php\/wp-json\/wp\/v2\/users\/2"}],"replies":[{"embeddable":true,"href":"https:\/\/elcafedepipa.com\/index.php\/wp-json\/wp\/v2\/comments?post=5606"}],"version-history":[{"count":0,"href":"https:\/\/elcafedepipa.com\/index.php\/wp-json\/wp\/v2\/posts\/5606\/revisions"}],"wp:attachment":[{"href":"https:\/\/elcafedepipa.com\/index.php\/wp-json\/wp\/v2\/media?parent=5606"}],"wp:term":[{"taxonomy":"category","embeddable":true,"href":"https:\/\/elcafedepipa.com\/index.php\/wp-json\/wp\/v2\/categories?post=5606"},{"taxonomy":"post_tag","embeddable":true,"href":"https:\/\/elcafedepipa.com\/index.php\/wp-json\/wp\/v2\/tags?post=5606"}],"curies":[{"name":"wp","href":"https:\/\/api.w.org\/{rel}","templated":true}]}}