{"id":5508,"date":"2024-09-17T10:53:07","date_gmt":"2024-09-17T08:53:07","guid":{"rendered":"https:\/\/elcafedepipa.com\/?p=5508"},"modified":"2024-09-17T10:53:08","modified_gmt":"2024-09-17T08:53:08","slug":"lajuntament-dalmenara-obri-una-consulta-ciutadana-on-line-sobre-el-canvi-de-denominacio-de-lescola-de-la-localitat","status":"publish","type":"post","link":"https:\/\/elcafedepipa.com\/index.php\/2024\/09\/17\/lajuntament-dalmenara-obri-una-consulta-ciutadana-on-line-sobre-el-canvi-de-denominacio-de-lescola-de-la-localitat\/","title":{"rendered":"L&#8217;Ajuntament d&#8217;Almenara obri una consulta ciutadana on-line sobre el canvi de denominaci\u00f3 de l&#8217;escola de la localitat"},"content":{"rendered":"\n<p>L&#8217;Ajuntament d&#8217;Almenara ha obert un proc\u00e9s de participaci\u00f3 ciutadana amb la finalitat que els ve\u00efns i les ve\u00efnes opinen sobre la proposta de canvi de nom de l&#8217;escola de la localitat, que passaria de denominar-se CEIP Juan Carlos I a CEIP Almenara, atesos els acords del Consell Escolar del centre per unanimitat i referendat tamb\u00e9 un\u00e0nimement pel Consell Escolar Municipal.<\/p>\n\n\n\n<p>Els ve\u00efns i ve\u00efnes majors d&#8217;edat podran votar fins al divendres 20 de setembre a les 14 hores en l&#8217;apartat de participaci\u00f3 ciutadana de la web municipal. All\u00ed hauran de respondre si estan d&#8217;acord o no amb el nou nom proposat. Les votacions es podran realitzar en el seg\u00fcent enlla\u00e7: <a href=\"https:\/\/almenaraparticipa.es\/consulta-publica-per-al-canvi-de-nom-del-ceip-juan-carlos-i\/\">https:\/\/almenaraparticipa.es\/consulta-publica-per-al-canvi-de-nom-del-ceip-juan-carlos-i\/<\/a><\/p>\n\n\n\n<p>L&#8217;alcaldessa d&#8217;Almenara, Est\u00edbaliz P\u00e9rez, ha destacat que \u201camb aquest proc\u00e9s de participaci\u00f3 ciutadana complim el comprom\u00eds aconseguit amb el Consell Escolar Municipal, ja que entenem que el canvi de nom no \u00e9s nom\u00e9s q\u00fcesti\u00f3 del Consell Escolar, sin\u00f3 que els ve\u00efns i les ve\u00efnes d&#8217;Almenara tamb\u00e9 han de mostrar la seua opini\u00f3\u201d i \u201cdir si estan d&#8217;acord o no amb la proposta aprovada pel claustre del col\u00b7legi, el Consell Escolar de l&#8217;escola i el Consell Escolar Municipal per a canviar el nom del centre educatiu perqu\u00e8 es denomine CEIP Almenara\u201d.<\/p>\n\n\n\n<p>El 15 de juliol es va celebrar sessi\u00f3 del Consell Escolar Municipal, que va aprovar per unanimitat l&#8217;informe rem\u00e9s des del Consell Escolar del CEIP Juan Carlos I, acordant obrir una consulta p\u00fablica en l\u00ednia, acord que ara es compleix.<\/p>\n\n\n\n<p>Segons l&#8217;informe del Consell Escolar Municipal d\u2019Almenara la finalitat del canvi de denominaci\u00f3 del col\u00b7legi es produeix per a: evitar divisions dins de la comunitat educativa i la ciutadania, unificar el nom de tots els centres educatius de la localitat, donar valor al municipi en donar el seu nom a l&#8217;escola i tindre un centre amb identitat pr\u00f2pia de manera atemporal independentment dels canvis que es produ\u00efsquen en la societat.<\/p>\n\n\n\n<p><\/p>\n","protected":false},"excerpt":{"rendered":"<p>L&#8217;Ajuntament d&#8217;Almenara ha obert un proc\u00e9s de participaci\u00f3 ciutadana amb la finalitat que els ve\u00efns i les ve\u00efnes opinen sobre la proposta de canvi de nom de l&#8217;escola de la localitat, que passaria de denominar-se CEIP Juan Carlos I a CEIP Almenara, atesos els acords del Consell Escolar del centre per unanimitat i referendat tamb\u00e9 &#8230; <a title=\"L&#8217;Ajuntament d&#8217;Almenara obri una consulta ciutadana on-line sobre el canvi de denominaci\u00f3 de l&#8217;escola de la localitat\" class=\"read-more\" href=\"https:\/\/elcafedepipa.com\/index.php\/2024\/09\/17\/lajuntament-dalmenara-obri-una-consulta-ciutadana-on-line-sobre-el-canvi-de-denominacio-de-lescola-de-la-localitat\/\" aria-label=\"M\u00e9s informaci\u00f3 sobre L&#8217;Ajuntament d&#8217;Almenara obri una consulta ciutadana on-line sobre el canvi de denominaci\u00f3 de l&#8217;escola de la localitat\">Read more<\/a><\/p>\n","protected":false},"author":2,"featured_media":0,"comment_status":"closed","ping_status":"closed","sticky":false,"template":"","format":"standard","meta":{"om_disable_all_campaigns":false,"_monsterinsights_skip_tracking":false,"_monsterinsights_sitenote_active":false,"_monsterinsights_sitenote_note":"","_monsterinsights_sitenote_category":0,"_uf_show_specific_survey":0,"_uf_disable_surveys":false,"footnotes":""},"categories":[5],"tags":[],"class_list":["post-5508","post","type-post","status-publish","format-standard","hentry","category-almenara"],"_links":{"self":[{"href":"https:\/\/elcafedepipa.com\/index.php\/wp-json\/wp\/v2\/posts\/5508","targetHints":{"allow":["GET"]}}],"collection":[{"href":"https:\/\/elcafedepipa.com\/index.php\/wp-json\/wp\/v2\/posts"}],"about":[{"href":"https:\/\/elcafedepipa.com\/index.php\/wp-json\/wp\/v2\/types\/post"}],"author":[{"embeddable":true,"href":"https:\/\/elcafedepipa.com\/index.php\/wp-json\/wp\/v2\/users\/2"}],"replies":[{"embeddable":true,"href":"https:\/\/elcafedepipa.com\/index.php\/wp-json\/wp\/v2\/comments?post=5508"}],"version-history":[{"count":0,"href":"https:\/\/elcafedepipa.com\/index.php\/wp-json\/wp\/v2\/posts\/5508\/revisions"}],"wp:attachment":[{"href":"https:\/\/elcafedepipa.com\/index.php\/wp-json\/wp\/v2\/media?parent=5508"}],"wp:term":[{"taxonomy":"category","embeddable":true,"href":"https:\/\/elcafedepipa.com\/index.php\/wp-json\/wp\/v2\/categories?post=5508"},{"taxonomy":"post_tag","embeddable":true,"href":"https:\/\/elcafedepipa.com\/index.php\/wp-json\/wp\/v2\/tags?post=5508"}],"curies":[{"name":"wp","href":"https:\/\/api.w.org\/{rel}","templated":true}]}}