{"id":5504,"date":"2024-09-17T10:43:41","date_gmt":"2024-09-17T08:43:41","guid":{"rendered":"https:\/\/elcafedepipa.com\/?p=5504"},"modified":"2024-09-17T10:43:42","modified_gmt":"2024-09-17T08:43:42","slug":"accio-ecologista-agro-es-persona-en-lexpedient-anullat-pel-tsjcv-en-relacio-a-la-prohibicio-de-cacar-amb-parany","status":"publish","type":"post","link":"https:\/\/elcafedepipa.com\/index.php\/2024\/09\/17\/accio-ecologista-agro-es-persona-en-lexpedient-anullat-pel-tsjcv-en-relacio-a-la-prohibicio-de-cacar-amb-parany\/","title":{"rendered":"Acci\u00f3 Ecologista-Agr\u00f3 es persona en l&#8217;expedient anul\u00b7lat pel TSJCV en relaci\u00f3 a la prohibici\u00f3 de ca\u00e7ar amb parany"},"content":{"rendered":"\n<p>A final d&#8217;agost passat unes manifestacions del conseller de Medi Ambient, Aigua, Infraestructures i Territori, Vicente Mart\u00ednez Mus, comprometent-se a permetre la continu\u00eftat de les investigacions del parany cient\u00edfic, paralitzades fa 10 anys, &#8220;per a fer compatible una pr\u00e0ctica tradicional de ca\u00e7a de gran arrelament a la prov\u00edncia de Castell\u00f3&#8221; van encendre les alarmes de l&#8217;associaci\u00f3 ecologista-Agr\u00f3, que ara ha manifestat davant el nou intent de la Generalitat Valenciana i de l&#8217;Associaci\u00f3 de Paranyers de la Comunitat Valenciana (APAVAL) d&#8217;indultar aquest m\u00e8tode de massiu i no selectiu, que &#8220;\u00e9s important destacar, i que no caiguen en l&#8217;oblit, les nombroses sent\u00e8ncies que des de la d\u00e8cada dels 90 recolzen la il\u00b7legalitat del parany&#8221;. <\/p>\n\n\n\n<p>Tamb\u00e9 assenyalen que estan cansats &#8220;dels esfor\u00e7os de ca\u00e7adors i simpatitzants pol\u00edtics per deslegitimar tot el recorregut judicial que empara la il\u00b7legalitat d&#8217;aquest m\u00e8tode de captura&#8221;,&#8221;. <\/p>\n\n\n\n<p>Acci\u00f3 Ecologista-Agr\u00f3 ha expressat davant la Conselleria de Medi Ambient, Infraestructures i Territori la seua ferma oposici\u00f3 a l&#8217;aprovaci\u00f3 de cap projecte d&#8217;autoritzaci\u00f3 de ca\u00e7a amb parany o cistell-emmalla per a recuperar la tradici\u00f3 del parany. L&#8217;explicaci\u00f3 &#8220;\u00e9s simple i, ben coneguda: la malla o la lliga no s\u00f3n selectius i per a la investigaci\u00f3 cient\u00edfica de les migracions de les aus ja existeix una soluci\u00f3 satisfact\u00f2ria i inn\u00f2cua com s\u00f3n les xarxes japoneses&#8221;. <\/p>\n\n\n\n<p>Aix\u00ed mateix, AEA ha decidit personar-se en l&#8217;expedient administratiu que actualment es tramita en la Conselleria fruit de la sent\u00e8ncia del TSJCV del passat mes d&#8217;agost.<\/p>\n","protected":false},"excerpt":{"rendered":"<p>A final d&#8217;agost passat unes manifestacions del conseller de Medi Ambient, Aigua, Infraestructures i Territori, Vicente Mart\u00ednez Mus, comprometent-se a permetre la continu\u00eftat de les investigacions del parany cient\u00edfic, paralitzades fa 10 anys, &#8220;per a fer compatible una pr\u00e0ctica tradicional de ca\u00e7a de gran arrelament a la prov\u00edncia de Castell\u00f3&#8221; van encendre les alarmes de &#8230; <a title=\"Acci\u00f3 Ecologista-Agr\u00f3 es persona en l&#8217;expedient anul\u00b7lat pel TSJCV en relaci\u00f3 a la prohibici\u00f3 de ca\u00e7ar amb parany\" class=\"read-more\" href=\"https:\/\/elcafedepipa.com\/index.php\/2024\/09\/17\/accio-ecologista-agro-es-persona-en-lexpedient-anullat-pel-tsjcv-en-relacio-a-la-prohibicio-de-cacar-amb-parany\/\" aria-label=\"M\u00e9s informaci\u00f3 sobre Acci\u00f3 Ecologista-Agr\u00f3 es persona en l&#8217;expedient anul\u00b7lat pel TSJCV en relaci\u00f3 a la prohibici\u00f3 de ca\u00e7ar amb parany\">Read more<\/a><\/p>\n","protected":false},"author":2,"featured_media":0,"comment_status":"closed","ping_status":"closed","sticky":false,"template":"","format":"standard","meta":{"om_disable_all_campaigns":false,"_monsterinsights_skip_tracking":false,"_monsterinsights_sitenote_active":false,"_monsterinsights_sitenote_note":"","_monsterinsights_sitenote_category":0,"_uf_show_specific_survey":0,"_uf_disable_surveys":false,"footnotes":""},"categories":[1],"tags":[],"class_list":["post-5504","post","type-post","status-publish","format-standard","hentry","category-non-classe"],"_links":{"self":[{"href":"https:\/\/elcafedepipa.com\/index.php\/wp-json\/wp\/v2\/posts\/5504","targetHints":{"allow":["GET"]}}],"collection":[{"href":"https:\/\/elcafedepipa.com\/index.php\/wp-json\/wp\/v2\/posts"}],"about":[{"href":"https:\/\/elcafedepipa.com\/index.php\/wp-json\/wp\/v2\/types\/post"}],"author":[{"embeddable":true,"href":"https:\/\/elcafedepipa.com\/index.php\/wp-json\/wp\/v2\/users\/2"}],"replies":[{"embeddable":true,"href":"https:\/\/elcafedepipa.com\/index.php\/wp-json\/wp\/v2\/comments?post=5504"}],"version-history":[{"count":0,"href":"https:\/\/elcafedepipa.com\/index.php\/wp-json\/wp\/v2\/posts\/5504\/revisions"}],"wp:attachment":[{"href":"https:\/\/elcafedepipa.com\/index.php\/wp-json\/wp\/v2\/media?parent=5504"}],"wp:term":[{"taxonomy":"category","embeddable":true,"href":"https:\/\/elcafedepipa.com\/index.php\/wp-json\/wp\/v2\/categories?post=5504"},{"taxonomy":"post_tag","embeddable":true,"href":"https:\/\/elcafedepipa.com\/index.php\/wp-json\/wp\/v2\/tags?post=5504"}],"curies":[{"name":"wp","href":"https:\/\/api.w.org\/{rel}","templated":true}]}}