{"id":5499,"date":"2024-09-17T10:29:55","date_gmt":"2024-09-17T08:29:55","guid":{"rendered":"https:\/\/elcafedepipa.com\/?p=5499"},"modified":"2024-09-17T10:33:23","modified_gmt":"2024-09-17T08:33:23","slug":"la-diputacio-de-castello-intensifica-el-control-de-plagues-de-mosquit-tigre-i-realitza-inspeccions-entomologiques-en-municipis-de-la-provincia-on-encara-no-sha-registrat-la-seua-presencia","status":"publish","type":"post","link":"https:\/\/elcafedepipa.com\/index.php\/2024\/09\/17\/la-diputacio-de-castello-intensifica-el-control-de-plagues-de-mosquit-tigre-i-realitza-inspeccions-entomologiques-en-municipis-de-la-provincia-on-encara-no-sha-registrat-la-seua-presencia\/","title":{"rendered":"La Diputaci\u00f3 de Castell\u00f3 intensifica el control de plagues de mosquit tigre i realitza inspeccions entomol\u00f2giques en municipis de la prov\u00edncia on encara no s&#8217;ha registrat la seua pres\u00e8ncia"},"content":{"rendered":"\n<p>El diputat de Medi Natural de la instituci\u00f3 provincial, Jos\u00e9 Mar\u00eda Andr\u00e9s, ha destacat que \u201cl&#8217;anticipaci\u00f3 i els treballs preventius s\u00f3n fonamentals per a atallar i evitar estes plagues de mosquits que tantes mol\u00e8sties causen als ve\u00efns i ve\u00efnes de la prov\u00edncia de Castell\u00f3\u201d.<\/p>\n\n\n\n<p>Actualment, s&#8217;han detectat poblacions de mosquit tigre en 94 dels 135 municipis de la prov\u00edncia de Castell\u00f3. Per aix\u00f2, la Diputaci\u00f3 Provincial, est\u00e0 duent a terme la vigil\u00e0ncia de l&#8217;esp\u00e8cie en aquells municipis on encara no s&#8217;ha registrat la seua pres\u00e8ncia, amb la finalitat de \u201cactualitzar la seua distribuci\u00f3 i permetre als ajuntaments a prendre acci\u00f3 i assessorament per al control d&#8217;esta\u201d, ha comentat el diputat provincial.<\/p>\n\n\n\n<p>\u201cDes del Servei de Control de Mosquits s&#8217;est\u00e0 duent a terme un mostreig actiu en les zones urbanes dels municipis on no est\u00e0 establida esta esp\u00e8cie de mosquit tigre, per a poder detectar la seua pres\u00e8ncia i assessorar els ajuntaments en el control d&#8217;esta esp\u00e8cie i que ells tinguen coneixement que tenen l&#8217;esp\u00e8cie establida en el seu municipi i tamb\u00e9 puguen optar a ajudes com la del mosquit tigre de la Generalitat Valenciana\u201d, ha explicat Jos\u00e9 Mar\u00eda Andr\u00e9s.<\/p>\n\n\n\n<p>La vigil\u00e0ncia s&#8217;emmarca en la realitzaci\u00f3 d&#8217;un mostreig actiu en focus de cria amb xicotetes quantitats d&#8217;aigua propicis per al seu desenvolupament, com ara pitxer en cementeris, embornals i plats de tests, entre altres.<\/p>\n\n\n\n<p>En este sentit, el diputat ha explicat que el mostreig que s&#8217;est\u00e0 realitzant en els municipis es complementar\u00e0 \u201camb la instal\u00b7laci\u00f3 d\u2019ovitrampes en zones verdes urbanes per a detectar el seu establiment i la densitat poblacional, informant posteriorment dels resultats als ajuntaments i assessorant-los per al control de l&#8217;esp\u00e8cie\u201d.<\/p>\n\n\n\n<p>Des de la Diputaci\u00f3 Provincial de Castell\u00f3 insistixen en la col\u00b7laboraci\u00f3 ciutadana per a controlar les xicotetes acumulacions d&#8217;aigua que puguen existir en les \u00e0rees privades, evitant aix\u00ed la seua expansi\u00f3. \u201cN&#8217;hi ha prou amb renovar l&#8217;aigua cada tres dies o col\u00b7locar malles mosquiteres en aquells estris que puguen acumular aigua durant m\u00e9s d&#8217;una setmana\u201d, ha recomanat el diputat de Medi Natural.<\/p>\n\n\n\n<p><\/p>\n","protected":false},"excerpt":{"rendered":"<p>El diputat de Medi Natural de la instituci\u00f3 provincial, Jos\u00e9 Mar\u00eda Andr\u00e9s, ha destacat que \u201cl&#8217;anticipaci\u00f3 i els treballs preventius s\u00f3n fonamentals per a atallar i evitar estes plagues de mosquits que tantes mol\u00e8sties causen als ve\u00efns i ve\u00efnes de la prov\u00edncia de Castell\u00f3\u201d. Actualment, s&#8217;han detectat poblacions de mosquit tigre en 94 dels 135 &#8230; <a title=\"La Diputaci\u00f3 de Castell\u00f3 intensifica el control de plagues de mosquit tigre i realitza inspeccions entomol\u00f2giques en municipis de la prov\u00edncia on encara no s&#8217;ha registrat la seua pres\u00e8ncia\" class=\"read-more\" href=\"https:\/\/elcafedepipa.com\/index.php\/2024\/09\/17\/la-diputacio-de-castello-intensifica-el-control-de-plagues-de-mosquit-tigre-i-realitza-inspeccions-entomologiques-en-municipis-de-la-provincia-on-encara-no-sha-registrat-la-seua-presencia\/\" aria-label=\"M\u00e9s informaci\u00f3 sobre La Diputaci\u00f3 de Castell\u00f3 intensifica el control de plagues de mosquit tigre i realitza inspeccions entomol\u00f2giques en municipis de la prov\u00edncia on encara no s&#8217;ha registrat la seua pres\u00e8ncia\">Read more<\/a><\/p>\n","protected":false},"author":2,"featured_media":0,"comment_status":"closed","ping_status":"closed","sticky":false,"template":"","format":"standard","meta":{"om_disable_all_campaigns":false,"_monsterinsights_skip_tracking":false,"_monsterinsights_sitenote_active":false,"_monsterinsights_sitenote_note":"","_monsterinsights_sitenote_category":0,"_uf_show_specific_survey":0,"_uf_disable_surveys":false,"footnotes":""},"categories":[1],"tags":[],"class_list":["post-5499","post","type-post","status-publish","format-standard","hentry","category-non-classe"],"_links":{"self":[{"href":"https:\/\/elcafedepipa.com\/index.php\/wp-json\/wp\/v2\/posts\/5499","targetHints":{"allow":["GET"]}}],"collection":[{"href":"https:\/\/elcafedepipa.com\/index.php\/wp-json\/wp\/v2\/posts"}],"about":[{"href":"https:\/\/elcafedepipa.com\/index.php\/wp-json\/wp\/v2\/types\/post"}],"author":[{"embeddable":true,"href":"https:\/\/elcafedepipa.com\/index.php\/wp-json\/wp\/v2\/users\/2"}],"replies":[{"embeddable":true,"href":"https:\/\/elcafedepipa.com\/index.php\/wp-json\/wp\/v2\/comments?post=5499"}],"version-history":[{"count":0,"href":"https:\/\/elcafedepipa.com\/index.php\/wp-json\/wp\/v2\/posts\/5499\/revisions"}],"wp:attachment":[{"href":"https:\/\/elcafedepipa.com\/index.php\/wp-json\/wp\/v2\/media?parent=5499"}],"wp:term":[{"taxonomy":"category","embeddable":true,"href":"https:\/\/elcafedepipa.com\/index.php\/wp-json\/wp\/v2\/categories?post=5499"},{"taxonomy":"post_tag","embeddable":true,"href":"https:\/\/elcafedepipa.com\/index.php\/wp-json\/wp\/v2\/tags?post=5499"}],"curies":[{"name":"wp","href":"https:\/\/api.w.org\/{rel}","templated":true}]}}