{"id":5482,"date":"2024-09-16T20:41:21","date_gmt":"2024-09-16T18:41:21","guid":{"rendered":"https:\/\/elcafedepipa.com\/?p=5482"},"modified":"2024-09-16T20:41:23","modified_gmt":"2024-09-16T18:41:23","slug":"esglai-esta-vesprada-en-lexhibicio-taurina-de-les-festes-del-carrer-del-mig","status":"publish","type":"post","link":"https:\/\/elcafedepipa.com\/index.php\/2024\/09\/16\/esglai-esta-vesprada-en-lexhibicio-taurina-de-les-festes-del-carrer-del-mig\/","title":{"rendered":"Esglai esta vesprada en l&#8217;exhibici\u00f3 taurina de les Festes del Carrer del Mig"},"content":{"rendered":"\n<p>Un home de 64 anys, F.M. N, ve\u00ed de la Vall d&#8217;Uix\u00f3 ha patit una agarrada esta vesprada per part d&#8217;un dels bous exhibits en les Festes del Carrer del Mig. El primer part m\u00e8dic nom\u00e9s ser at\u00e9s parlava de una ferida per banya de bou en la regi\u00f3 inguinal esquerra amb entrada en l&#8217;engonal esquerre supraesfinteriana. Ferida escrotal. Trajecte ascendent inicialment sense afectaci\u00f3 dels vasos primaris i amb orifici de sortida en superf\u00edcie de flanc esquerre per sobre de la pala il\u00b7l\u00edca esquerra. Ha estat estable durant el trasllat fins a l&#8217;Hospital La Plana on seguir\u00e0  l&#8217;avaluaci\u00f3 de l&#8217;abast de lesions i traject\u00f2ries de la cornada.  L&#8217;equip m\u00e8dic ha volgut agrair l&#8217;ajuda desinteressada del cirurgi\u00e0 Jes\u00fas Catal\u00e0 de l&#8217;Hospital Provincial en l&#8217;avaluaci\u00f3 inicial i durant el trasllat a l&#8217;Hospital La Plana i tamb\u00e9 a la Dra. Pilar Trol, metgesa d&#8217;Urg\u00e8ncies de l&#8217;Hospital de la Plana.<\/p>\n\n\n\n<p><\/p>\n","protected":false},"excerpt":{"rendered":"<p>Un home de 64 anys, F.M. N, ve\u00ed de la Vall d&#8217;Uix\u00f3 ha patit una agarrada esta vesprada per part d&#8217;un dels bous exhibits en les Festes del Carrer del Mig. El primer part m\u00e8dic nom\u00e9s ser at\u00e9s parlava de una ferida per banya de bou en la regi\u00f3 inguinal esquerra amb entrada en l&#8217;engonal &#8230; <a title=\"Esglai esta vesprada en l&#8217;exhibici\u00f3 taurina de les Festes del Carrer del Mig\" class=\"read-more\" href=\"https:\/\/elcafedepipa.com\/index.php\/2024\/09\/16\/esglai-esta-vesprada-en-lexhibicio-taurina-de-les-festes-del-carrer-del-mig\/\" aria-label=\"M\u00e9s informaci\u00f3 sobre Esglai esta vesprada en l&#8217;exhibici\u00f3 taurina de les Festes del Carrer del Mig\">Read more<\/a><\/p>\n","protected":false},"author":2,"featured_media":0,"comment_status":"closed","ping_status":"closed","sticky":false,"template":"","format":"standard","meta":{"om_disable_all_campaigns":false,"_monsterinsights_skip_tracking":false,"_monsterinsights_sitenote_active":false,"_monsterinsights_sitenote_note":"","_monsterinsights_sitenote_category":0,"_uf_show_specific_survey":0,"_uf_disable_surveys":false,"footnotes":""},"categories":[1],"tags":[],"class_list":["post-5482","post","type-post","status-publish","format-standard","hentry","category-non-classe"],"_links":{"self":[{"href":"https:\/\/elcafedepipa.com\/index.php\/wp-json\/wp\/v2\/posts\/5482","targetHints":{"allow":["GET"]}}],"collection":[{"href":"https:\/\/elcafedepipa.com\/index.php\/wp-json\/wp\/v2\/posts"}],"about":[{"href":"https:\/\/elcafedepipa.com\/index.php\/wp-json\/wp\/v2\/types\/post"}],"author":[{"embeddable":true,"href":"https:\/\/elcafedepipa.com\/index.php\/wp-json\/wp\/v2\/users\/2"}],"replies":[{"embeddable":true,"href":"https:\/\/elcafedepipa.com\/index.php\/wp-json\/wp\/v2\/comments?post=5482"}],"version-history":[{"count":0,"href":"https:\/\/elcafedepipa.com\/index.php\/wp-json\/wp\/v2\/posts\/5482\/revisions"}],"wp:attachment":[{"href":"https:\/\/elcafedepipa.com\/index.php\/wp-json\/wp\/v2\/media?parent=5482"}],"wp:term":[{"taxonomy":"category","embeddable":true,"href":"https:\/\/elcafedepipa.com\/index.php\/wp-json\/wp\/v2\/categories?post=5482"},{"taxonomy":"post_tag","embeddable":true,"href":"https:\/\/elcafedepipa.com\/index.php\/wp-json\/wp\/v2\/tags?post=5482"}],"curies":[{"name":"wp","href":"https:\/\/api.w.org\/{rel}","templated":true}]}}