{"id":5412,"date":"2024-09-15T14:00:20","date_gmt":"2024-09-15T12:00:20","guid":{"rendered":"https:\/\/elcafedepipa.com\/?p=5412"},"modified":"2024-09-15T14:00:22","modified_gmt":"2024-09-15T12:00:22","slug":"almenara-va-recuperar-el-10k-en-la-veterana-prova-de-carreres-populars-amb-la-victoria-de-fran-queralt-i-marta-gomez","status":"publish","type":"post","link":"https:\/\/elcafedepipa.com\/index.php\/2024\/09\/15\/almenara-va-recuperar-el-10k-en-la-veterana-prova-de-carreres-populars-amb-la-victoria-de-fran-queralt-i-marta-gomez\/","title":{"rendered":"Almenara va recuperar el 10k en la veterana prova de carreres populars amb la vict\u00f2ria de Fran Queralt i Marta G\u00f3mez"},"content":{"rendered":"\n<p>Al voltant de 170 participants han disputat la XL edici\u00f3 de la Volta a Peu a la Vila d\u2019Almenara que en el seu quarant\u00e9 aniversari va recuperar el format de 10k amb un tra\u00e7at exigent que combinava trams urbans amb uns altres pel terme municipal.<\/p>\n\n\n\n<p><br>Quant a les classificacions, la vict\u00f2ria absoluta va ser per a Fran Queralt (Lostado Team) amb un temps de 34:07 i per a Marta G\u00f3mez Monz\u00f3n (Mur i Castell-Tuga) amb un temps de 39:18. En categoria absoluta masculina va quedar segon Pablo Ferrer Villena (CA Albacete) i tercer Jos\u00e9 Vicente Bertolo Dom\u00ednguez. En categoria femenina van completar el podi absolut Xari Adri\u00e1n i Bel S\u00e1nchez-Pascuala Callau (Serrano CA).<\/p>\n\n\n\n<p><br>Pel que respecta a la resta de categories, \u00d3scar Reina (Redolat Team) va v\u00e9ncer en cadets; Vicente Roig (Xtrem Almenara) i Natalia P\u00e9rez (CT Hurac\u00e1n Puerto Sagunto) ho van fer en s\u00e8nior; Dar\u00edo Cardona Fern\u00e1ndez (Xtrem Almenara) en veterans A i Manuela Estell\u00e9s Belmonte (Xtrem Almenara) en veteranes A. Finalment, Saul Cuadrado Fern\u00e1ndez (Xtrem Almenara) va v\u00e9ncer en veterans B i Minerva Orellana Palmero en veteranes B.<\/p>\n\n\n\n<p><br>Pel que respecta a la classificaci\u00f3 local, David Moreno G\u00e1zquez (Xtrem Almenara) va guanyar en la categoria masculina, mentre que \u00c1ngela Burguete Monfort ho va fer en la femenina. Van completar els podis en categoria masculina Pau Gomis i Jes\u00fas Cuadrado Fern\u00e1ndez (tots dos del Xtrem Almenara) i en categoria femenina Pilar Forner Bayarri (Xtrem Almenara) i Aida \u00c1lvarez Moreno.<\/p>\n\n\n\n<p><br>El regidor d&#8217;Esports, Lorenzo Vicent Lucena ha agra\u00eft \u201cla participaci\u00f3 en una prova que en aquest any compleix 40 edicions, sent una de les m\u00e9s veteranes en l&#8217;\u00e0mbit de les carreres populars\u201d. Tamb\u00e9 ha agra\u00eft a totes les persones, voluntaris, empreses, Policia Local, Protecci\u00f3 Civil, sanitaris, brigada municipal i treballadors de l&#8217;ajuntament, que s&#8217;han bolcat un any m\u00e9s perqu\u00e8 la carrera poguera celebrar-se.<br>Vicent ha assenyalat que \u201cdes de la regidoria d&#8217;Esports continuarem fomentant la pr\u00e0ctica de l&#8217;esport, b\u00e9 siga amb proves com aquesta, b\u00e9 siga a trav\u00e9s d&#8217;activitats diverses, perqu\u00e8 l&#8217;esport \u00e9s salut, l&#8217;esport \u00e9s vida\u201d.<\/p>\n","protected":false},"excerpt":{"rendered":"<p>Al voltant de 170 participants han disputat la XL edici\u00f3 de la Volta a Peu a la Vila d\u2019Almenara que en el seu quarant\u00e9 aniversari va recuperar el format de 10k amb un tra\u00e7at exigent que combinava trams urbans amb uns altres pel terme municipal. Quant a les classificacions, la vict\u00f2ria absoluta va ser per &#8230; <a title=\"Almenara va recuperar el 10k en la veterana prova de carreres populars amb la vict\u00f2ria de Fran Queralt i Marta G\u00f3mez\" class=\"read-more\" href=\"https:\/\/elcafedepipa.com\/index.php\/2024\/09\/15\/almenara-va-recuperar-el-10k-en-la-veterana-prova-de-carreres-populars-amb-la-victoria-de-fran-queralt-i-marta-gomez\/\" aria-label=\"M\u00e9s informaci\u00f3 sobre Almenara va recuperar el 10k en la veterana prova de carreres populars amb la vict\u00f2ria de Fran Queralt i Marta G\u00f3mez\">Read more<\/a><\/p>\n","protected":false},"author":2,"featured_media":5414,"comment_status":"closed","ping_status":"closed","sticky":false,"template":"","format":"standard","meta":{"om_disable_all_campaigns":false,"_monsterinsights_skip_tracking":false,"_monsterinsights_sitenote_active":false,"_monsterinsights_sitenote_note":"","_monsterinsights_sitenote_category":0,"_uf_show_specific_survey":0,"_uf_disable_surveys":false,"footnotes":""},"categories":[5],"tags":[],"class_list":["post-5412","post","type-post","status-publish","format-standard","has-post-thumbnail","hentry","category-almenara"],"_links":{"self":[{"href":"https:\/\/elcafedepipa.com\/index.php\/wp-json\/wp\/v2\/posts\/5412","targetHints":{"allow":["GET"]}}],"collection":[{"href":"https:\/\/elcafedepipa.com\/index.php\/wp-json\/wp\/v2\/posts"}],"about":[{"href":"https:\/\/elcafedepipa.com\/index.php\/wp-json\/wp\/v2\/types\/post"}],"author":[{"embeddable":true,"href":"https:\/\/elcafedepipa.com\/index.php\/wp-json\/wp\/v2\/users\/2"}],"replies":[{"embeddable":true,"href":"https:\/\/elcafedepipa.com\/index.php\/wp-json\/wp\/v2\/comments?post=5412"}],"version-history":[{"count":0,"href":"https:\/\/elcafedepipa.com\/index.php\/wp-json\/wp\/v2\/posts\/5412\/revisions"}],"wp:featuredmedia":[{"embeddable":true,"href":"https:\/\/elcafedepipa.com\/index.php\/wp-json\/wp\/v2\/media\/5414"}],"wp:attachment":[{"href":"https:\/\/elcafedepipa.com\/index.php\/wp-json\/wp\/v2\/media?parent=5412"}],"wp:term":[{"taxonomy":"category","embeddable":true,"href":"https:\/\/elcafedepipa.com\/index.php\/wp-json\/wp\/v2\/categories?post=5412"},{"taxonomy":"post_tag","embeddable":true,"href":"https:\/\/elcafedepipa.com\/index.php\/wp-json\/wp\/v2\/tags?post=5412"}],"curies":[{"name":"wp","href":"https:\/\/api.w.org\/{rel}","templated":true}]}}