{"id":5408,"date":"2024-09-15T13:56:07","date_gmt":"2024-09-15T11:56:07","guid":{"rendered":"https:\/\/elcafedepipa.com\/?p=5408"},"modified":"2024-09-15T13:57:52","modified_gmt":"2024-09-15T11:57:52","slug":"premis-a-lexcellencia-academica-2023-2024-de-la-vall-duixo","status":"publish","type":"post","link":"https:\/\/elcafedepipa.com\/index.php\/2024\/09\/15\/premis-a-lexcellencia-academica-2023-2024-de-la-vall-duixo\/","title":{"rendered":"Premis a l&#8217;excel\u00b7l\u00e8ncia acad\u00e8mica 2023-2024 de la Vall d&#8217;Uix\u00f3"},"content":{"rendered":"\n<p>En un acte institucional celebrat als Jardins del Palau de Vivel, l&#8217;Ajuntament de la Vall ha reconegut els millors expedients de la ciutat a Batxillerat, Cicles Formatius i Conservatori de M\u00fasica, segons les actes trameses pels mateixos centres educatius. Els i les alumnes reconegudes han estat:<\/p>\n\n\n\n<p>Mario Gonz\u00e1lez Galindo<br>Lucas Mart\u00ednez Pe\u00f1a<br>Roberto Cases Rebollar<br>H\u00e9ctor Caballero Fas<br>Victor Krauchuk Feschenko<br>Sara Al\u00f3s Caro<br>Rosa Campos Bueso<br>Ayhene Tahir<br>Sara Chioua Chairi<br>I\u00f1igo Fern\u00e1ndez L\u00f3ez<br>David Fern\u00e1ndez L\u00f3pez<br>Nawal Hsayni Messaoudi<br>Sergio Serrano Mill\u00e1n<br>Joan Mallas\u00e9n Rodr\u00edguez<br>Mar\u00eda \u00c1ngeles T\u00edscar Moya<br>Mariana Garc\u00eda Llan\u00e7a<br>V\u00edctor Serrano Carcel\u00e9n<br>Marcel Rebollar Moliner<\/p>\n\n\n\n<p>Joan Masi\u00e0, fou el mantenidor de l&#8217;acte; i Marcel Rebollar, percussionista i millor expedient del Conservatori Professional de M\u00fasica Francesc Pe\u00f1arroja el curs passat, va fer una petita interpretaci\u00f3 musical.<\/p>\n\n\n\n<p>La regidora d\u00b4Educaci\u00f3, Maria Cruces, va posar en valor &#8220;el paper de l\u00b4educaci\u00f3 p\u00fablica per garantir la igualtat d\u00b4oportunitats&#8221; i va desitjar un bon inici del curs acad\u00e8mic. Aix\u00ed mateix, va destacar \u201cl&#8217;esfor\u00e7 i const\u00e0ncia\u201d que ha portat els premiats i premiades a aconseguir aquest reconeixement.<\/p>\n","protected":false},"excerpt":{"rendered":"<p>En un acte institucional celebrat als Jardins del Palau de Vivel, l&#8217;Ajuntament de la Vall ha reconegut els millors expedients de la ciutat a Batxillerat, Cicles Formatius i Conservatori de M\u00fasica, segons les actes trameses pels mateixos centres educatius. Els i les alumnes reconegudes han estat: Mario Gonz\u00e1lez GalindoLucas Mart\u00ednez Pe\u00f1aRoberto Cases RebollarH\u00e9ctor Caballero FasVictor &#8230; <a title=\"Premis a l&#8217;excel\u00b7l\u00e8ncia acad\u00e8mica 2023-2024 de la Vall d&#8217;Uix\u00f3\" class=\"read-more\" href=\"https:\/\/elcafedepipa.com\/index.php\/2024\/09\/15\/premis-a-lexcellencia-academica-2023-2024-de-la-vall-duixo\/\" aria-label=\"M\u00e9s informaci\u00f3 sobre Premis a l&#8217;excel\u00b7l\u00e8ncia acad\u00e8mica 2023-2024 de la Vall d&#8217;Uix\u00f3\">Read more<\/a><\/p>\n","protected":false},"author":2,"featured_media":5409,"comment_status":"closed","ping_status":"closed","sticky":false,"template":"","format":"standard","meta":{"om_disable_all_campaigns":false,"_monsterinsights_skip_tracking":false,"_monsterinsights_sitenote_active":false,"_monsterinsights_sitenote_note":"","_monsterinsights_sitenote_category":0,"_uf_show_specific_survey":0,"_uf_disable_surveys":false,"footnotes":""},"categories":[1],"tags":[],"class_list":["post-5408","post","type-post","status-publish","format-standard","has-post-thumbnail","hentry","category-non-classe"],"_links":{"self":[{"href":"https:\/\/elcafedepipa.com\/index.php\/wp-json\/wp\/v2\/posts\/5408","targetHints":{"allow":["GET"]}}],"collection":[{"href":"https:\/\/elcafedepipa.com\/index.php\/wp-json\/wp\/v2\/posts"}],"about":[{"href":"https:\/\/elcafedepipa.com\/index.php\/wp-json\/wp\/v2\/types\/post"}],"author":[{"embeddable":true,"href":"https:\/\/elcafedepipa.com\/index.php\/wp-json\/wp\/v2\/users\/2"}],"replies":[{"embeddable":true,"href":"https:\/\/elcafedepipa.com\/index.php\/wp-json\/wp\/v2\/comments?post=5408"}],"version-history":[{"count":0,"href":"https:\/\/elcafedepipa.com\/index.php\/wp-json\/wp\/v2\/posts\/5408\/revisions"}],"wp:featuredmedia":[{"embeddable":true,"href":"https:\/\/elcafedepipa.com\/index.php\/wp-json\/wp\/v2\/media\/5409"}],"wp:attachment":[{"href":"https:\/\/elcafedepipa.com\/index.php\/wp-json\/wp\/v2\/media?parent=5408"}],"wp:term":[{"taxonomy":"category","embeddable":true,"href":"https:\/\/elcafedepipa.com\/index.php\/wp-json\/wp\/v2\/categories?post=5408"},{"taxonomy":"post_tag","embeddable":true,"href":"https:\/\/elcafedepipa.com\/index.php\/wp-json\/wp\/v2\/tags?post=5408"}],"curies":[{"name":"wp","href":"https:\/\/api.w.org\/{rel}","templated":true}]}}