{"id":5399,"date":"2024-09-14T18:47:40","date_gmt":"2024-09-14T16:47:40","guid":{"rendered":"https:\/\/elcafedepipa.com\/?p=5399"},"modified":"2024-09-14T18:47:42","modified_gmt":"2024-09-14T16:47:42","slug":"el-pspv-reclama-a-marta-barrachina-que-la-diputacio-assumisca-la-conservacio-dels-camins-i-infraestructures-de-ratlla","status":"publish","type":"post","link":"https:\/\/elcafedepipa.com\/index.php\/2024\/09\/14\/el-pspv-reclama-a-marta-barrachina-que-la-diputacio-assumisca-la-conservacio-dels-camins-i-infraestructures-de-ratlla\/","title":{"rendered":"El PSPV reclama a Marta Barrachina que la Diputaci\u00f3 assumisca la conservaci\u00f3 dels camins i infraestructures \u2018de ratlla\u2019"},"content":{"rendered":"\n<p>El grup socialista de la Diputaci\u00f3 de Castell\u00f3 insta Marta Barrachina a prendre en consideraci\u00f3 la problem\u00e0tica que existeix en els camins i infraestructures \u2018de ratlla\u2019 entre municipis i s&#8217;ocupe de la seua conservaci\u00f3. La diputada provincial Merche Gal\u00ed explica que, pel fet que pertanyen a administracions locals distintes, aquests vials i equipaments s&#8217;han convertit en un veritable maldecap per als ajuntaments, residents i agricultors, ja que la f\u00f3rmula per a invertir en ells \u00e9s molt complicada. \u201cLes licitacions conjuntes no s\u00f3n possibles i, en moltes ocasions, no \u00e9s gens f\u00e0cil posar d&#8217;acord dos governs diferents amb prioritats distintes, la qual cosa accelera l&#8217;estat de degradaci\u00f3, especialment, dels vials\u201d.<\/p>\n\n\n\n<p>Davant aquesta situaci\u00f3, que es dona en m\u00faltiples municipis de la prov\u00edncia, \u201cels socialistes reclamarem que la Diputaci\u00f3 prenga un rol mediador i assumisca la redacci\u00f3 i la licitaci\u00f3 dels projectes de reparaci\u00f3 i conservaci\u00f3\u201d d&#8217;aquests camins, aix\u00ed com la inclusi\u00f3 en els pressupostos de 2025 d\u2019una partida espec\u00edfica per a la conservaci\u00f3 d&#8217;aquestes vies.<\/p>\n\n\n\n<p>La diputada socialista ha posat com a exemple Almassora, que comparteix camins amb Vila-real i Castell\u00f3 de la Plana. \u201cLa doble licitaci\u00f3 per a arreglar aquests camins, meitat per cada municipi, \u00e9s inviable i les obres redu\u00efdes a meitat de la cal\u00e7ada no solucionen el problema\u201d, detalla. \u201cSense la implicaci\u00f3 de la Diputaci\u00f3, poques solucions t\u00e8cniques viables hi ha per a dignificar aquests accessos\u201d. A m\u00e9s a m\u00e9s, Gal\u00ed recorda casos com el del pont de Santa Quit\u00e8ria, compartit amb Vila-real, que s&#8217;ha quedat sense finan\u00e7ament per a la seua posada en valor per les mateixes traves.<\/p>\n\n\n\n<p><\/p>\n","protected":false},"excerpt":{"rendered":"<p>El grup socialista de la Diputaci\u00f3 de Castell\u00f3 insta Marta Barrachina a prendre en consideraci\u00f3 la problem\u00e0tica que existeix en els camins i infraestructures \u2018de ratlla\u2019 entre municipis i s&#8217;ocupe de la seua conservaci\u00f3. La diputada provincial Merche Gal\u00ed explica que, pel fet que pertanyen a administracions locals distintes, aquests vials i equipaments s&#8217;han convertit &#8230; <a title=\"El PSPV reclama a Marta Barrachina que la Diputaci\u00f3 assumisca la conservaci\u00f3 dels camins i infraestructures \u2018de ratlla\u2019\" class=\"read-more\" href=\"https:\/\/elcafedepipa.com\/index.php\/2024\/09\/14\/el-pspv-reclama-a-marta-barrachina-que-la-diputacio-assumisca-la-conservacio-dels-camins-i-infraestructures-de-ratlla\/\" aria-label=\"M\u00e9s informaci\u00f3 sobre El PSPV reclama a Marta Barrachina que la Diputaci\u00f3 assumisca la conservaci\u00f3 dels camins i infraestructures \u2018de ratlla\u2019\">Read more<\/a><\/p>\n","protected":false},"author":2,"featured_media":5400,"comment_status":"closed","ping_status":"closed","sticky":false,"template":"","format":"standard","meta":{"om_disable_all_campaigns":false,"_monsterinsights_skip_tracking":false,"_monsterinsights_sitenote_active":false,"_monsterinsights_sitenote_note":"","_monsterinsights_sitenote_category":0,"_uf_show_specific_survey":0,"_uf_disable_surveys":false,"footnotes":""},"categories":[10],"tags":[],"class_list":["post-5399","post","type-post","status-publish","format-standard","has-post-thumbnail","hentry","category-provinciadecastello"],"_links":{"self":[{"href":"https:\/\/elcafedepipa.com\/index.php\/wp-json\/wp\/v2\/posts\/5399","targetHints":{"allow":["GET"]}}],"collection":[{"href":"https:\/\/elcafedepipa.com\/index.php\/wp-json\/wp\/v2\/posts"}],"about":[{"href":"https:\/\/elcafedepipa.com\/index.php\/wp-json\/wp\/v2\/types\/post"}],"author":[{"embeddable":true,"href":"https:\/\/elcafedepipa.com\/index.php\/wp-json\/wp\/v2\/users\/2"}],"replies":[{"embeddable":true,"href":"https:\/\/elcafedepipa.com\/index.php\/wp-json\/wp\/v2\/comments?post=5399"}],"version-history":[{"count":0,"href":"https:\/\/elcafedepipa.com\/index.php\/wp-json\/wp\/v2\/posts\/5399\/revisions"}],"wp:featuredmedia":[{"embeddable":true,"href":"https:\/\/elcafedepipa.com\/index.php\/wp-json\/wp\/v2\/media\/5400"}],"wp:attachment":[{"href":"https:\/\/elcafedepipa.com\/index.php\/wp-json\/wp\/v2\/media?parent=5399"}],"wp:term":[{"taxonomy":"category","embeddable":true,"href":"https:\/\/elcafedepipa.com\/index.php\/wp-json\/wp\/v2\/categories?post=5399"},{"taxonomy":"post_tag","embeddable":true,"href":"https:\/\/elcafedepipa.com\/index.php\/wp-json\/wp\/v2\/tags?post=5399"}],"curies":[{"name":"wp","href":"https:\/\/api.w.org\/{rel}","templated":true}]}}