{"id":5395,"date":"2024-09-14T18:43:12","date_gmt":"2024-09-14T16:43:12","guid":{"rendered":"https:\/\/elcafedepipa.com\/?p=5395"},"modified":"2024-09-14T18:43:20","modified_gmt":"2024-09-14T16:43:20","slug":"la-unio-assenyala-que-les-ajudes-directes-anunciades-per-la-generalitat-per-a-compensar-la-sequera-en-cultius-de-seca-i-ramaderia-extensiva-son-un-balo-doxigen-important","status":"publish","type":"post","link":"https:\/\/elcafedepipa.com\/index.php\/2024\/09\/14\/la-unio-assenyala-que-les-ajudes-directes-anunciades-per-la-generalitat-per-a-compensar-la-sequera-en-cultius-de-seca-i-ramaderia-extensiva-son-un-balo-doxigen-important\/","title":{"rendered":"La UNI\u00d3 assenyala que les ajudes directes anunciades per la Generalitat per a compensar la sequera en cultius de sec\u00e0 i ramaderia extensiva s\u00f3n un \u201cbal\u00f3 d&#8217;oxigen\u201d important"},"content":{"rendered":"\n<p>LA UNI\u00d3 indica que el paquet d&#8217;ajudes directes per a tots els cultius de sec\u00e0 i la ramaderia extensiva, anunciades pel president de la Generalitat, Carlos Maz\u00f3n i pel conseller d&#8217;Agricultura, Aigua, Ramaderia i Pesca, Miguel Barrachina, s\u00f3n un \u201cbal\u00f3 d&#8217;oxigen important i necessari per al sector\u201d i que aquest anunci &#8220;\u00e9s un \u00e8xit de la nostra organitzaci\u00f3 pel treball, la pressi\u00f3 i insist\u00e8ncia durant els \u00faltims mesos a proposar cont\u00ednuament mesures de suport i fins i tot a trav\u00e9s d&#8217;esmenes en les Corts als pressupostos agraris de la Generalitat per a 2024\u201d. assenyala Carles Peris, secretari de la Uni\u00f3.<\/p>\n\n\n\n<p>Peris considera tamb\u00e9 que \u201caquest paquet d&#8217;ajudes per valor de 17 milions d&#8217;euros \u00e9s rellevant i pot servir per a compensar parcialment les p\u00e8rdues de la sequera en les rendes dels llauradors de sec\u00e0 i ramaders extensius valencians, encara que \u00e9s una mesura a curt termini i per tant des de LA UN\u00cd\u00d3 continuarem demandant solucions a mitj\u00e0 i llarg termini mentre persistisca la sequera\u201d.<\/p>\n\n\n\n<p>LA UNI\u00d3 porta des d&#8217;agost del passat any sol\u00b7licitant suports per als cultius de sec\u00e0 amb nombrosos escrits i reunions amb la Conselleria d&#8217;Agricultura i des de gener d&#8217;enguany enviant tamb\u00e9 escrits a la Conselleria d&#8217;Agricultura perqu\u00e8 establira mesures i ajudes extraordin\u00e0ries per als ramaders extensius.<\/p>\n\n\n\n<p>Sobre el dest\u00ed de les mateixes, la Uni\u00f3 diu que aniran dirigides a 30.000 llauradors de sec\u00e0, sobretot als productors d&#8217;olivar, vinya, ametlers, cereal, garrofa, cirera i magrana i a ramaders extensius i semiextensius. En concret, dels 17 milions d&#8217;euros, 2 van destinats a la ramaderia i 15 milions a l&#8217;agricultura de sec\u00e0, que podrien arribar a 500 ramaders, 29.500 llauradors i beneficiar a 175.000 hect\u00e0rees de cultiu. Per prov\u00edncies, el nombre de beneficiaris arribaria als 5.973 a Alacant, 7.972 a Castell\u00f3 i 16.168 a Val\u00e8ncia.<\/p>\n\n\n\n<p>Assenyala la Uni\u00f3 que per a la majoria dels llauradors i ramaders no ser\u00e0 necessari fer cap sol\u00b7licitud, perqu\u00e8 la Conselleria ja disposa de totes les seues dades, per la qual cosa realitzar\u00e0 la transfer\u00e8ncia de manera directa als beneficiaris.<\/p>\n\n\n\n<p><\/p>\n","protected":false},"excerpt":{"rendered":"<p>LA UNI\u00d3 indica que el paquet d&#8217;ajudes directes per a tots els cultius de sec\u00e0 i la ramaderia extensiva, anunciades pel president de la Generalitat, Carlos Maz\u00f3n i pel conseller d&#8217;Agricultura, Aigua, Ramaderia i Pesca, Miguel Barrachina, s\u00f3n un \u201cbal\u00f3 d&#8217;oxigen important i necessari per al sector\u201d i que aquest anunci &#8220;\u00e9s un \u00e8xit de &#8230; <a title=\"La UNI\u00d3 assenyala que les ajudes directes anunciades per la Generalitat per a compensar la sequera en cultius de sec\u00e0 i ramaderia extensiva s\u00f3n un \u201cbal\u00f3 d&#8217;oxigen\u201d important\" class=\"read-more\" href=\"https:\/\/elcafedepipa.com\/index.php\/2024\/09\/14\/la-unio-assenyala-que-les-ajudes-directes-anunciades-per-la-generalitat-per-a-compensar-la-sequera-en-cultius-de-seca-i-ramaderia-extensiva-son-un-balo-doxigen-important\/\" aria-label=\"M\u00e9s informaci\u00f3 sobre La UNI\u00d3 assenyala que les ajudes directes anunciades per la Generalitat per a compensar la sequera en cultius de sec\u00e0 i ramaderia extensiva s\u00f3n un \u201cbal\u00f3 d&#8217;oxigen\u201d important\">Read more<\/a><\/p>\n","protected":false},"author":2,"featured_media":5396,"comment_status":"closed","ping_status":"closed","sticky":false,"template":"","format":"standard","meta":{"om_disable_all_campaigns":false,"_monsterinsights_skip_tracking":false,"_monsterinsights_sitenote_active":false,"_monsterinsights_sitenote_note":"","_monsterinsights_sitenote_category":0,"_uf_show_specific_survey":0,"_uf_disable_surveys":false,"footnotes":""},"categories":[10],"tags":[],"class_list":["post-5395","post","type-post","status-publish","format-standard","has-post-thumbnail","hentry","category-provinciadecastello"],"_links":{"self":[{"href":"https:\/\/elcafedepipa.com\/index.php\/wp-json\/wp\/v2\/posts\/5395","targetHints":{"allow":["GET"]}}],"collection":[{"href":"https:\/\/elcafedepipa.com\/index.php\/wp-json\/wp\/v2\/posts"}],"about":[{"href":"https:\/\/elcafedepipa.com\/index.php\/wp-json\/wp\/v2\/types\/post"}],"author":[{"embeddable":true,"href":"https:\/\/elcafedepipa.com\/index.php\/wp-json\/wp\/v2\/users\/2"}],"replies":[{"embeddable":true,"href":"https:\/\/elcafedepipa.com\/index.php\/wp-json\/wp\/v2\/comments?post=5395"}],"version-history":[{"count":0,"href":"https:\/\/elcafedepipa.com\/index.php\/wp-json\/wp\/v2\/posts\/5395\/revisions"}],"wp:featuredmedia":[{"embeddable":true,"href":"https:\/\/elcafedepipa.com\/index.php\/wp-json\/wp\/v2\/media\/5396"}],"wp:attachment":[{"href":"https:\/\/elcafedepipa.com\/index.php\/wp-json\/wp\/v2\/media?parent=5395"}],"wp:term":[{"taxonomy":"category","embeddable":true,"href":"https:\/\/elcafedepipa.com\/index.php\/wp-json\/wp\/v2\/categories?post=5395"},{"taxonomy":"post_tag","embeddable":true,"href":"https:\/\/elcafedepipa.com\/index.php\/wp-json\/wp\/v2\/tags?post=5395"}],"curies":[{"name":"wp","href":"https:\/\/api.w.org\/{rel}","templated":true}]}}