{"id":5340,"date":"2024-09-12T15:50:58","date_gmt":"2024-09-12T13:50:58","guid":{"rendered":"https:\/\/elcafedepipa.com\/?p=5340"},"modified":"2024-09-12T15:50:59","modified_gmt":"2024-09-12T13:50:59","slug":"barrachina-reafirma-el-suport-de-la-diputacio-a-lentrada-de-bous-i-cavalls-de-segorbe","status":"publish","type":"post","link":"https:\/\/elcafedepipa.com\/index.php\/2024\/09\/12\/barrachina-reafirma-el-suport-de-la-diputacio-a-lentrada-de-bous-i-cavalls-de-segorbe\/","title":{"rendered":"Barrachina reafirma el suport de la Diputaci\u00f3 a l&#8217;Entrada de Bous i Cavalls de Segorbe"},"content":{"rendered":"\n<p>La dirigent provincial ha presenciat este dijous la quarta jornada d&#8217;este tradicional acte que des del 2005 ostenta la declaraci\u00f3 de Festa d&#8217;Inter\u00e9s Tur\u00edstic Internacional i des del 2011 B\u00e9 d&#8217;Inter\u00e9s Cultural Internacional. Marta Barrachina ha mostrat el suport de la Diputaci\u00f3 de Castell\u00f3 \u201ccap a una de les festes de major projecci\u00f3 nacional i internacional de la prov\u00edncia i que any a any plena Segorbe d&#8217;adrenalina, emoci\u00f3 i tradici\u00f3\u201d. Des de la instituci\u00f3 provincial el suport a esta Festa d&#8217;Inter\u00e9s Tur\u00edstic Internacional es tradu\u00efx en una subvenci\u00f3 de 12.600 euros.<\/p>\n","protected":false},"excerpt":{"rendered":"<p>La dirigent provincial ha presenciat este dijous la quarta jornada d&#8217;este tradicional acte que des del 2005 ostenta la declaraci\u00f3 de Festa d&#8217;Inter\u00e9s Tur\u00edstic Internacional i des del 2011 B\u00e9 d&#8217;Inter\u00e9s Cultural Internacional. Marta Barrachina ha mostrat el suport de la Diputaci\u00f3 de Castell\u00f3 \u201ccap a una de les festes de major projecci\u00f3 nacional i &#8230; <a title=\"Barrachina reafirma el suport de la Diputaci\u00f3 a l&#8217;Entrada de Bous i Cavalls de Segorbe\" class=\"read-more\" href=\"https:\/\/elcafedepipa.com\/index.php\/2024\/09\/12\/barrachina-reafirma-el-suport-de-la-diputacio-a-lentrada-de-bous-i-cavalls-de-segorbe\/\" aria-label=\"M\u00e9s informaci\u00f3 sobre Barrachina reafirma el suport de la Diputaci\u00f3 a l&#8217;Entrada de Bous i Cavalls de Segorbe\">Read more<\/a><\/p>\n","protected":false},"author":2,"featured_media":5341,"comment_status":"closed","ping_status":"closed","sticky":false,"template":"","format":"standard","meta":{"om_disable_all_campaigns":false,"_monsterinsights_skip_tracking":false,"_monsterinsights_sitenote_active":false,"_monsterinsights_sitenote_note":"","_monsterinsights_sitenote_category":0,"_uf_show_specific_survey":0,"_uf_disable_surveys":false,"footnotes":""},"categories":[10],"tags":[],"class_list":["post-5340","post","type-post","status-publish","format-standard","has-post-thumbnail","hentry","category-provinciadecastello"],"_links":{"self":[{"href":"https:\/\/elcafedepipa.com\/index.php\/wp-json\/wp\/v2\/posts\/5340","targetHints":{"allow":["GET"]}}],"collection":[{"href":"https:\/\/elcafedepipa.com\/index.php\/wp-json\/wp\/v2\/posts"}],"about":[{"href":"https:\/\/elcafedepipa.com\/index.php\/wp-json\/wp\/v2\/types\/post"}],"author":[{"embeddable":true,"href":"https:\/\/elcafedepipa.com\/index.php\/wp-json\/wp\/v2\/users\/2"}],"replies":[{"embeddable":true,"href":"https:\/\/elcafedepipa.com\/index.php\/wp-json\/wp\/v2\/comments?post=5340"}],"version-history":[{"count":0,"href":"https:\/\/elcafedepipa.com\/index.php\/wp-json\/wp\/v2\/posts\/5340\/revisions"}],"wp:featuredmedia":[{"embeddable":true,"href":"https:\/\/elcafedepipa.com\/index.php\/wp-json\/wp\/v2\/media\/5341"}],"wp:attachment":[{"href":"https:\/\/elcafedepipa.com\/index.php\/wp-json\/wp\/v2\/media?parent=5340"}],"wp:term":[{"taxonomy":"category","embeddable":true,"href":"https:\/\/elcafedepipa.com\/index.php\/wp-json\/wp\/v2\/categories?post=5340"},{"taxonomy":"post_tag","embeddable":true,"href":"https:\/\/elcafedepipa.com\/index.php\/wp-json\/wp\/v2\/tags?post=5340"}],"curies":[{"name":"wp","href":"https:\/\/api.w.org\/{rel}","templated":true}]}}