{"id":5290,"date":"2024-09-11T17:57:14","date_gmt":"2024-09-11T15:57:14","guid":{"rendered":"https:\/\/elcafedepipa.com\/?p=5290"},"modified":"2024-09-11T17:57:15","modified_gmt":"2024-09-11T15:57:15","slug":"lauditori-ha-acollit-una-marato-dentrevistes-xerrades-taules-rodones-i-tallers-enfocats-a-trobar-feina","status":"publish","type":"post","link":"https:\/\/elcafedepipa.com\/index.php\/2024\/09\/11\/lauditori-ha-acollit-una-marato-dentrevistes-xerrades-taules-rodones-i-tallers-enfocats-a-trobar-feina\/","title":{"rendered":"L&#8217;Auditori ha acollit una marat\u00f3 d&#8217;entrevistes, xerrades, taules rodones i tallers enfocats a trobar feina"},"content":{"rendered":"\n<p>El F\u00f2rum d&#8217;Ocupaci\u00f3 de la Vall d&#8217;Uix\u00f3 ha citat m\u00e9s de 1.000 persones per fer entrevistes de feina a 25 empreses i optar a m\u00e9s de 100 ofertes. L\u00b4Auditori ha acollit aquesta marat\u00f3 d\u00b4entrevistes, xerrades, taules rodones i tallers enfocats a trobar feina, organitzats per Labora amb la col\u00b7laboraci\u00f3 del Pacte Territorial per l\u00b4Ocupaci\u00f3 de la Plana Baixa i de l\u00b4Ajuntament.<\/p>\n\n\n\n<p>L&#8217;alcaldessa, Tania Ba\u00f1os, ha obert l&#8217;esdeveniment amb la directora general de Planificaci\u00f3 i Serveis de Labora, Marisa Mezquita, i el regidor d&#8217;Ocupaci\u00f3, Jorge Garc\u00eda. Al llarg del mat\u00ed s&#8217;han realitzat diverses pon\u00e8ncies sobre sortides laborals, com destacar en un proc\u00e9s de selecci\u00f3, revisi\u00f3 de curr\u00edculums, sectors i perfils amb m\u00e9s demanda laboral o ocupaci\u00f3 p\u00fablica, entre d&#8217;altres temes relacionats amb l&#8217;ocupaci\u00f3.<\/p>\n\n\n\n<p>Aquest f\u00f2rum suposa una oportunitat per a les persones en situaci\u00f3 de desocupaci\u00f3 o que busquin una millora de feina. En aquest sentit, l&#8217;alcaldessa ha destacat la col\u00b7laboraci\u00f3 entre l&#8217;Ajuntament, el pacte comarcal i la Generalitat Valenciana en \u201cuna q\u00fcesti\u00f3 fonamental com \u00e9s l&#8217;ocupaci\u00f3, on hem d&#8217;anar tots a una per impulsar pol\u00edtiques actives d&#8217;ocupaci\u00f3 i empreses fortes que tinguin capacitat de generar llocs de treball amb bones condicions per als treballadors i treballadores\u201d.<\/p>\n\n\n\n<p>Sobre aix\u00f2, Ba\u00f1os ha posat com a exemple l&#8217;aposta per la reindustrialitzaci\u00f3 de la Vall d&#8217;Uix\u00f3, amb l&#8217;ampliaci\u00f3 del pol\u00edgon que ja est\u00e0 en tr\u00e0mit i que implicar\u00e0 \u201cdonar futur a la ciutat, que les empreses que ja s\u00f3n aqu\u00ed puguin cr\u00e9ixer i noves puguin arribar, fent que com a municipi tinguem m\u00e9s capacitat per crear projectes de vida\u201d.<\/p>\n\n\n\n<p>Finalment, ha posat en valor la reducci\u00f3 de l&#8217;atur juvenil a la Vall d&#8217;Uix\u00f3 en un 50% des del 2015, aix\u00ed com haver passat d&#8217;una taxa general de desocupaci\u00f3 del 22,99 el 2014 al 12,35% el juliol d&#8217;aquest any (\u00faltim mes del que hi ha dades disponibles)<\/p>\n","protected":false},"excerpt":{"rendered":"<p>El F\u00f2rum d&#8217;Ocupaci\u00f3 de la Vall d&#8217;Uix\u00f3 ha citat m\u00e9s de 1.000 persones per fer entrevistes de feina a 25 empreses i optar a m\u00e9s de 100 ofertes. L\u00b4Auditori ha acollit aquesta marat\u00f3 d\u00b4entrevistes, xerrades, taules rodones i tallers enfocats a trobar feina, organitzats per Labora amb la col\u00b7laboraci\u00f3 del Pacte Territorial per l\u00b4Ocupaci\u00f3 de &#8230; <a title=\"L&#8217;Auditori ha acollit una marat\u00f3 d&#8217;entrevistes, xerrades, taules rodones i tallers enfocats a trobar feina\" class=\"read-more\" href=\"https:\/\/elcafedepipa.com\/index.php\/2024\/09\/11\/lauditori-ha-acollit-una-marato-dentrevistes-xerrades-taules-rodones-i-tallers-enfocats-a-trobar-feina\/\" aria-label=\"M\u00e9s informaci\u00f3 sobre L&#8217;Auditori ha acollit una marat\u00f3 d&#8217;entrevistes, xerrades, taules rodones i tallers enfocats a trobar feina\">Read more<\/a><\/p>\n","protected":false},"author":2,"featured_media":5291,"comment_status":"closed","ping_status":"closed","sticky":false,"template":"","format":"standard","meta":{"om_disable_all_campaigns":false,"_monsterinsights_skip_tracking":false,"_monsterinsights_sitenote_active":false,"_monsterinsights_sitenote_note":"","_monsterinsights_sitenote_category":0,"_uf_show_specific_survey":0,"_uf_disable_surveys":false,"footnotes":""},"categories":[1],"tags":[],"class_list":["post-5290","post","type-post","status-publish","format-standard","has-post-thumbnail","hentry","category-non-classe"],"_links":{"self":[{"href":"https:\/\/elcafedepipa.com\/index.php\/wp-json\/wp\/v2\/posts\/5290","targetHints":{"allow":["GET"]}}],"collection":[{"href":"https:\/\/elcafedepipa.com\/index.php\/wp-json\/wp\/v2\/posts"}],"about":[{"href":"https:\/\/elcafedepipa.com\/index.php\/wp-json\/wp\/v2\/types\/post"}],"author":[{"embeddable":true,"href":"https:\/\/elcafedepipa.com\/index.php\/wp-json\/wp\/v2\/users\/2"}],"replies":[{"embeddable":true,"href":"https:\/\/elcafedepipa.com\/index.php\/wp-json\/wp\/v2\/comments?post=5290"}],"version-history":[{"count":0,"href":"https:\/\/elcafedepipa.com\/index.php\/wp-json\/wp\/v2\/posts\/5290\/revisions"}],"wp:featuredmedia":[{"embeddable":true,"href":"https:\/\/elcafedepipa.com\/index.php\/wp-json\/wp\/v2\/media\/5291"}],"wp:attachment":[{"href":"https:\/\/elcafedepipa.com\/index.php\/wp-json\/wp\/v2\/media?parent=5290"}],"wp:term":[{"taxonomy":"category","embeddable":true,"href":"https:\/\/elcafedepipa.com\/index.php\/wp-json\/wp\/v2\/categories?post=5290"},{"taxonomy":"post_tag","embeddable":true,"href":"https:\/\/elcafedepipa.com\/index.php\/wp-json\/wp\/v2\/tags?post=5290"}],"curies":[{"name":"wp","href":"https:\/\/api.w.org\/{rel}","templated":true}]}}