{"id":5285,"date":"2024-09-11T17:39:45","date_gmt":"2024-09-11T15:39:45","guid":{"rendered":"https:\/\/elcafedepipa.com\/?p=5285"},"modified":"2024-09-11T17:39:46","modified_gmt":"2024-09-11T15:39:46","slug":"herminio-serra-pp-diu-que-lantiga-nau-de-la-cooperativa-sant-vicent-del-carrer-juan-capo-esta-sent-utilitzada-per-lequip-de-govern-per-a-albergar-gats","status":"publish","type":"post","link":"https:\/\/elcafedepipa.com\/index.php\/2024\/09\/11\/herminio-serra-pp-diu-que-lantiga-nau-de-la-cooperativa-sant-vicent-del-carrer-juan-capo-esta-sent-utilitzada-per-lequip-de-govern-per-a-albergar-gats\/","title":{"rendered":"Herminio Serra (PP) diu que l&#8217;antiga nau de la cooperativa Sant Vicent del carrer Juan Cap\u00f3 est\u00e0 sent utilitzada per l&#8217;equip de govern per a albergar gats."},"content":{"rendered":"\n<p>El Partit Popular de la Vall d&#8217;Uix\u00f3 ha sol\u00b7licitat a l&#8217;alcaldessa de la localitat, Tania Ba\u00f1os, que explique per quin motiu est\u00e0 emmagatzemant gats en una nau abandonada situada al carrer Juan Cap\u00f3 i que va pert\u00e0nyer en el seu moment a l&#8217;antiga Cooperativa de Sant Vicent.<\/p>\n\n\n\n<p>El portaveu del PP en el municipi, Herminio Serra, s&#8217;ha dirigit a la primera edil amb l&#8217;objectiu d&#8217;esclarir els rumors que ha suscitat entre els ve\u00efns del citat carrer l&#8217;entrada i eixida de personal de l&#8217;edifici amb g\u00e0bies i llanternes.<\/p>\n\n\n\n<p>\u201cHan sigut els ve\u00efns de la zona els qui preocupats pel moviment inusual de persones que entrava en este immoble ens han traslladat la seua preocupaci\u00f3. Ara que sabem que s&#8217;ha decidit albergar gats en este immoble, la qual cosa li demanem a l&#8217;alcaldessa socialista de la Vall \u00e9s que done les degudes explicacions als ve\u00efns en primera inst\u00e0ncia i a la poblaci\u00f3 en general\u201d, ha considerat Serra.<\/p>\n\n\n\n<p>\u201cEns costa pensar com s&#8217;est\u00e0 actuant d&#8217;esta manera. I per aix\u00f2 demanem que ens informen si \u00e9s coneixedora la Policia Local de la decisi\u00f3 presa i quin personal de l&#8217;ajuntament est\u00e0 accedint a l&#8217;immoble i amb quins objectius s&#8217;emmagatzemen gats en esta instal\u00b7laci\u00f3\u201d. Sobretot, ha manifestat Serra, \u201cquan des de l&#8217;Ajuntament de la Vall existixen factures amb una empresa protectora d&#8217;animals a la qual se li paguen milers d&#8217;euros a l&#8217;any com perqu\u00e8 arribada esta situaci\u00f3 els felins hagen d&#8217;acollir-se en una nau que no t\u00e9 les degudes condicions ni de salubritat ni tampoc de seguretat, perqu\u00e8 directament no disposa de subministraments tan b\u00e0sics com l&#8217;el\u00e8ctric\u201d.<\/p>\n\n\n\n<p>Serra, finalment, tamb\u00e9 ha fet una crida als socis de govern del PSOE a l&#8217;Ajuntament de la Vall. \u201cSi s\u00f3n coneixedors de com s&#8217;est\u00e0 actuant en este tema, ens sorpr\u00e9n i ens alarma el seu silenci. Si s\u00f3n c\u00f2mplices d&#8217;esta decisi\u00f3 tamb\u00e9 ells han de donar explicacions sobre el que est\u00e0 ocorrent\u201d.<\/p>\n","protected":false},"excerpt":{"rendered":"<p>El Partit Popular de la Vall d&#8217;Uix\u00f3 ha sol\u00b7licitat a l&#8217;alcaldessa de la localitat, Tania Ba\u00f1os, que explique per quin motiu est\u00e0 emmagatzemant gats en una nau abandonada situada al carrer Juan Cap\u00f3 i que va pert\u00e0nyer en el seu moment a l&#8217;antiga Cooperativa de Sant Vicent. El portaveu del PP en el municipi, Herminio &#8230; <a title=\"Herminio Serra (PP) diu que l&#8217;antiga nau de la cooperativa Sant Vicent del carrer Juan Cap\u00f3 est\u00e0 sent utilitzada per l&#8217;equip de govern per a albergar gats.\" class=\"read-more\" href=\"https:\/\/elcafedepipa.com\/index.php\/2024\/09\/11\/herminio-serra-pp-diu-que-lantiga-nau-de-la-cooperativa-sant-vicent-del-carrer-juan-capo-esta-sent-utilitzada-per-lequip-de-govern-per-a-albergar-gats\/\" aria-label=\"M\u00e9s informaci\u00f3 sobre Herminio Serra (PP) diu que l&#8217;antiga nau de la cooperativa Sant Vicent del carrer Juan Cap\u00f3 est\u00e0 sent utilitzada per l&#8217;equip de govern per a albergar gats.\">Read more<\/a><\/p>\n","protected":false},"author":2,"featured_media":5288,"comment_status":"closed","ping_status":"closed","sticky":false,"template":"","format":"standard","meta":{"om_disable_all_campaigns":false,"_monsterinsights_skip_tracking":false,"_monsterinsights_sitenote_active":false,"_monsterinsights_sitenote_note":"","_monsterinsights_sitenote_category":0,"_uf_show_specific_survey":0,"_uf_disable_surveys":false,"footnotes":""},"categories":[1],"tags":[],"class_list":["post-5285","post","type-post","status-publish","format-standard","has-post-thumbnail","hentry","category-non-classe"],"_links":{"self":[{"href":"https:\/\/elcafedepipa.com\/index.php\/wp-json\/wp\/v2\/posts\/5285","targetHints":{"allow":["GET"]}}],"collection":[{"href":"https:\/\/elcafedepipa.com\/index.php\/wp-json\/wp\/v2\/posts"}],"about":[{"href":"https:\/\/elcafedepipa.com\/index.php\/wp-json\/wp\/v2\/types\/post"}],"author":[{"embeddable":true,"href":"https:\/\/elcafedepipa.com\/index.php\/wp-json\/wp\/v2\/users\/2"}],"replies":[{"embeddable":true,"href":"https:\/\/elcafedepipa.com\/index.php\/wp-json\/wp\/v2\/comments?post=5285"}],"version-history":[{"count":0,"href":"https:\/\/elcafedepipa.com\/index.php\/wp-json\/wp\/v2\/posts\/5285\/revisions"}],"wp:featuredmedia":[{"embeddable":true,"href":"https:\/\/elcafedepipa.com\/index.php\/wp-json\/wp\/v2\/media\/5288"}],"wp:attachment":[{"href":"https:\/\/elcafedepipa.com\/index.php\/wp-json\/wp\/v2\/media?parent=5285"}],"wp:term":[{"taxonomy":"category","embeddable":true,"href":"https:\/\/elcafedepipa.com\/index.php\/wp-json\/wp\/v2\/categories?post=5285"},{"taxonomy":"post_tag","embeddable":true,"href":"https:\/\/elcafedepipa.com\/index.php\/wp-json\/wp\/v2\/tags?post=5285"}],"curies":[{"name":"wp","href":"https:\/\/api.w.org\/{rel}","templated":true}]}}