{"id":5234,"date":"2024-09-10T14:08:47","date_gmt":"2024-09-10T12:08:47","guid":{"rendered":"https:\/\/elcafedepipa.com\/?p=5234"},"modified":"2024-09-10T14:08:48","modified_gmt":"2024-09-10T12:08:48","slug":"la-unio-exigeix-el-tractament-de-fred-davant-les-continues-deteccions-de-plagues-i-malalties-de-quarantena-en-citrics-importats","status":"publish","type":"post","link":"https:\/\/elcafedepipa.com\/index.php\/2024\/09\/10\/la-unio-exigeix-el-tractament-de-fred-davant-les-continues-deteccions-de-plagues-i-malalties-de-quarantena-en-citrics-importats\/","title":{"rendered":"LA UNI\u00d3 exigeix el tractament de fred davant les cont\u00ednues deteccions de plagues i malalties de quarantena en c\u00edtrics importats"},"content":{"rendered":"\n<p>Les intercepcions de c\u00edtrics importats a la Uni\u00f3 Europea amb plagues o malalties de quarantena continuen produint-se i aquest passat mes d&#8217;agost hi ha hagut altres 26 rebutjos en total, segons les dades recopilades per LA UNI\u00d3.<\/p>\n\n\n\n<p>L&#8217;organitzaci\u00f3 reclama de manera urgent el tractament de fred per als c\u00edtrics d&#8217;aquells pa\u00efsos que no puguen garantir la seguretat sanit\u00e0ria dels seus enviaments, \u00fanic instrument per a frenar la possible entrada d&#8217;una plaga de quarantena.<\/p>\n\n\n\n<p>De les dades d&#8217;agost cal destacar de nou la pres\u00e8ncia de diversos casos de Falsa Arna (Thaumatotibia leucotreta), Taca Negra (Phyllosticta citricarpa), Cancro dels C\u00edtrics (Xanthomonas) o Sarna dels C\u00edtrics (Elsinoe), plagues totes elles letals i no presents en la citricultura europea, cosa que significa que alguns pa\u00efsos segueixen sense oferir les garanties sanit\u00e0ries necess\u00e0ries en els seus enviaments.<\/p>\n\n\n\n<p>Segons el parer de LA UNI\u00d3, les autoritats de la Uni\u00f3 Europea han d&#8217;incrementar la pressi\u00f3 inspectora, realitzar m\u00e9s controls en origen i adoptar el tractament de fred per a tots aquells pa\u00efsos que no s\u00f3n capa\u00e7os de garantir la seguretat sanit\u00e0ria dels seus enviaments, com \u00e9s el cas de Turquia, Egipte, Sud-\u00e0frica, Zimbaue, Botswana o Swazil\u00e0ndia i alguns pa\u00efsos de Sud-am\u00e8rica com l&#8217;Argentina, el Brasil, l&#8217;Uruguai o Col\u00f2mbia, fonamentalment.<\/p>\n\n\n\n<p>Aquest degoteig continu d&#8217;intercepcions de plagues i malalties de quarantena es produeix a m\u00e9s en un context en el qual els productors de c\u00edtrics pateixen un sobrecost agron\u00f2mic important per a lluitar contra les plagues recentment introdu\u00efdes en el nostre territori. Els c\u00e0lculs de LA UNI\u00d3 indiquen que les \u00faltimes sis plagues que han entrat en els \u00faltims quinze anys suposen un increment del 40% en els costos de producci\u00f3 i desestabilitzen la forma de maneig agron\u00f2mic en la constant actualitzaci\u00f3 del pla de producci\u00f3 integrada i control de plagues. Ara es comencen a observar ja els efectes de les dues \u00faltimes com s\u00f3n l&#8217;aranya Banksi o el Trips sud-afric\u00e0, detectat ja en els cultius de c\u00edtrics, caqui i magraner de la Comunitat Valenciana.<\/p>\n\n\n\n<p>Carles Peris, secretari general de la Uni\u00f3 Llauradora, indica que \u201ccada plaga o malaltia que entra en el nostre territori \u00e9s una aut\u00e8ntica ru\u00efna per a la nostra citricultura, costa milers d&#8217;euros al sector i a les Administracions per al seu control\u201d.<\/p>\n\n\n\n<p>Peris afirma que \u201cestem combatent moltes plagues i cada vegada amb menys mitjans de control i anem sumant unes altres com l&#8217;\u00faltima del Trips sud-afric\u00e0 o les que puguen anar entrant. Per aix\u00f2 la Uni\u00f3 Europea ha de prendre&#8217;s molt de deb\u00f2 la situaci\u00f3 i adoptar mesures urgents com el tractament de fred\u201d.<\/p>\n\n\n\n<p>A la problem\u00e0tica de les plagues cal afegir la falta de reciprocitat en mat\u00e8ria fitosanit\u00e0ria. \u201cCal prohibir l&#8217;entrada de tots aquells productes importats que no complisquen amb els compromisos del pacte verd europeu en la seua estrat\u00e8gia fitosanit\u00e0ria. Cal competir en igualtat de condicions i no com fins ara. No podem fomentar les importacions mentre els nostres c\u00edtrics a vegades es podreixen en els arbres\u201d, assegura Carles Peris.<\/p>\n","protected":false},"excerpt":{"rendered":"<p>Les intercepcions de c\u00edtrics importats a la Uni\u00f3 Europea amb plagues o malalties de quarantena continuen produint-se i aquest passat mes d&#8217;agost hi ha hagut altres 26 rebutjos en total, segons les dades recopilades per LA UNI\u00d3. L&#8217;organitzaci\u00f3 reclama de manera urgent el tractament de fred per als c\u00edtrics d&#8217;aquells pa\u00efsos que no puguen garantir &#8230; <a title=\"LA UNI\u00d3 exigeix el tractament de fred davant les cont\u00ednues deteccions de plagues i malalties de quarantena en c\u00edtrics importats\" class=\"read-more\" href=\"https:\/\/elcafedepipa.com\/index.php\/2024\/09\/10\/la-unio-exigeix-el-tractament-de-fred-davant-les-continues-deteccions-de-plagues-i-malalties-de-quarantena-en-citrics-importats\/\" aria-label=\"M\u00e9s informaci\u00f3 sobre LA UNI\u00d3 exigeix el tractament de fred davant les cont\u00ednues deteccions de plagues i malalties de quarantena en c\u00edtrics importats\">Read more<\/a><\/p>\n","protected":false},"author":2,"featured_media":5235,"comment_status":"closed","ping_status":"closed","sticky":false,"template":"","format":"standard","meta":{"om_disable_all_campaigns":false,"_monsterinsights_skip_tracking":false,"_monsterinsights_sitenote_active":false,"_monsterinsights_sitenote_note":"","_monsterinsights_sitenote_category":0,"_uf_show_specific_survey":0,"_uf_disable_surveys":false,"footnotes":""},"categories":[1],"tags":[],"class_list":["post-5234","post","type-post","status-publish","format-standard","has-post-thumbnail","hentry","category-non-classe"],"_links":{"self":[{"href":"https:\/\/elcafedepipa.com\/index.php\/wp-json\/wp\/v2\/posts\/5234","targetHints":{"allow":["GET"]}}],"collection":[{"href":"https:\/\/elcafedepipa.com\/index.php\/wp-json\/wp\/v2\/posts"}],"about":[{"href":"https:\/\/elcafedepipa.com\/index.php\/wp-json\/wp\/v2\/types\/post"}],"author":[{"embeddable":true,"href":"https:\/\/elcafedepipa.com\/index.php\/wp-json\/wp\/v2\/users\/2"}],"replies":[{"embeddable":true,"href":"https:\/\/elcafedepipa.com\/index.php\/wp-json\/wp\/v2\/comments?post=5234"}],"version-history":[{"count":0,"href":"https:\/\/elcafedepipa.com\/index.php\/wp-json\/wp\/v2\/posts\/5234\/revisions"}],"wp:featuredmedia":[{"embeddable":true,"href":"https:\/\/elcafedepipa.com\/index.php\/wp-json\/wp\/v2\/media\/5235"}],"wp:attachment":[{"href":"https:\/\/elcafedepipa.com\/index.php\/wp-json\/wp\/v2\/media?parent=5234"}],"wp:term":[{"taxonomy":"category","embeddable":true,"href":"https:\/\/elcafedepipa.com\/index.php\/wp-json\/wp\/v2\/categories?post=5234"},{"taxonomy":"post_tag","embeddable":true,"href":"https:\/\/elcafedepipa.com\/index.php\/wp-json\/wp\/v2\/tags?post=5234"}],"curies":[{"name":"wp","href":"https:\/\/api.w.org\/{rel}","templated":true}]}}