{"id":5203,"date":"2024-09-10T09:41:06","date_gmt":"2024-09-10T07:41:06","guid":{"rendered":"https:\/\/elcafedepipa.com\/?p=5203"},"modified":"2024-09-10T09:42:26","modified_gmt":"2024-09-10T07:42:26","slug":"el-centre-fpa-paulo-freire-dalmenara-obri-el-periode-de-matricula-per-als-cursos-i-tallers","status":"publish","type":"post","link":"https:\/\/elcafedepipa.com\/index.php\/2024\/09\/10\/el-centre-fpa-paulo-freire-dalmenara-obri-el-periode-de-matricula-per-als-cursos-i-tallers\/","title":{"rendered":"El Centre FPA Paulo Freire d&#8217;Almenara obri el per\u00edode de matr\u00edcula per als cursos i tallers"},"content":{"rendered":"\n<p>Ja est\u00e0 obert el termini de matr\u00edcula per a les classes, cursos, tallers i activitats, tant en la formaci\u00f3 reglada com en la no reglada, que un any m\u00e9s ofereix el Centre de Formaci\u00f3 de Persones Adultes Paulo Freire d&#8217;Almenara, amb vista a l&#8217;inici del curs el pr\u00f2xim 30 de setembre. Les places seran limitades en cada curs i hi haur\u00e0 llistes d&#8217;espera si es completen els grups.<\/p>\n\n\n\n<p>Per a atendre tot el proc\u00e9s de matr\u00edcula i inscripcions el Centre FPA Paulo Freire d&#8217;Almenara atendr\u00e0 aquest mes de setembre (excepte festius) al mat\u00ed de 9 a 13 hores i a la vesprada de 17 a 20 hores. El tel\u00e8fon d&#8217;informaci\u00f3 \u00e9s el 96 262 35 20 i el correu electr\u00f2nic fpa@almenara.es.<br>El director del Centre FPA Paulo Freire, Juan Pedro Navarro, ha destacat que \u201cenguany despr\u00e9s de la bona acceptaci\u00f3 dels cursos oferits l&#8217;any anterior portarem una l\u00ednia continuista per a consolidar i potenciar l&#8217;oferta\u201d.<\/p>\n\n\n\n<p>En aquest sentit, dins de l&#8217;oferta de formaci\u00f3 reglada continuaran impulsant-se els idiomes, especialment l&#8217;angl\u00e9s, on s&#8217;oferiran cursos d&#8217;A2 i B1, classes a les quals se sumaran els cursos d&#8217;angl\u00e9s per a viatjar, despr\u00e9s de l&#8217;\u00e8xit de les \u00faltimes convocat\u00f2ries. A m\u00e9s, tamb\u00e9 s&#8217;oferiran cursos de valenci\u00e0 fins al C2. Tamb\u00e9 es mant\u00e9 i s&#8217;intensifica en aquesta edici\u00f3 el programa d&#8217;espanyol per a estrangers, per al qual s&#8217;ha incrementat la demanda. En l&#8217;apartat de formaci\u00f3 reglada, tamb\u00e9 s&#8217;ofereix el curs per a obtindre el graduat escolar en secund\u00e0ria, aix\u00ed com el taller de lectura i escriptura.Pel que respecta a la formaci\u00f3 no reglada, enguany s&#8217;amplia l&#8217;oferta dels cursos de pilates, que donada la demanda es diversifica en tres nivells, l&#8217;inicial, l&#8217;intermedi i l&#8217;avan\u00e7at. Els torns de mat\u00ed seran en el Centre FPA Paulo Freire i els de la vesprada en el gimn\u00e0s del col\u00b7legi d&#8217;Almenara.<\/p>\n\n\n\n<p>A m\u00e9s, enguany la zumba i el cardiofitness canvien d&#8217;ubicaci\u00f3 i es duran a terme en el CEIP Juan Carlos I. A m\u00e9s, seguiran les classes de ioga, tant en el Centre FPA Paulo Freire com en l&#8217;Edifici Miguel Hern\u00e1ndez de la Platja Casablanca. Quant a l&#8217;apartat musical s&#8217;impulsa i amplia el curs de caix\u00f3 flamenc i percussi\u00f3, a c\u00e0rrec de Laura Mi\u00f1arro, que se sumar\u00e0 a les classes de la Colla Ukelele, els cursos d&#8217;iniciaci\u00f3 a la guitarra i de perfeccionament, i al taller de veu, a c\u00e0rrec d&#8217;Eva G\u00f3mez.<\/p>\n\n\n\n<p>A m\u00e9s, tamb\u00e9 es podran trobar tallers i cursos com els de noves tecnologies i inform\u00e0tica, pintura i dibuix, Hist\u00f2ria de l&#8217;Art, restauraci\u00f3 de mobles, i el de cer\u00e0mica creativa.<br>Finalment, per a l&#8217;alumnat jove s&#8217;ofereixen cursos de Funky hip hop amb dos grups d&#8217;edat, el de 6-8 anys i el de 9-12. Tamb\u00e9 s&#8217;ofereixen classes d&#8217;ukelele i d&#8217;iniciaci\u00f3 a la guitarra.<\/p>\n","protected":false},"excerpt":{"rendered":"<p>Ja est\u00e0 obert el termini de matr\u00edcula per a les classes, cursos, tallers i activitats, tant en la formaci\u00f3 reglada com en la no reglada, que un any m\u00e9s ofereix el Centre de Formaci\u00f3 de Persones Adultes Paulo Freire d&#8217;Almenara, amb vista a l&#8217;inici del curs el pr\u00f2xim 30 de setembre. Les places seran limitades &#8230; <a title=\"El Centre FPA Paulo Freire d&#8217;Almenara obri el per\u00edode de matr\u00edcula per als cursos i tallers\" class=\"read-more\" href=\"https:\/\/elcafedepipa.com\/index.php\/2024\/09\/10\/el-centre-fpa-paulo-freire-dalmenara-obri-el-periode-de-matricula-per-als-cursos-i-tallers\/\" aria-label=\"M\u00e9s informaci\u00f3 sobre El Centre FPA Paulo Freire d&#8217;Almenara obri el per\u00edode de matr\u00edcula per als cursos i tallers\">Read more<\/a><\/p>\n","protected":false},"author":2,"featured_media":5204,"comment_status":"closed","ping_status":"closed","sticky":false,"template":"","format":"standard","meta":{"om_disable_all_campaigns":false,"_monsterinsights_skip_tracking":false,"_monsterinsights_sitenote_active":false,"_monsterinsights_sitenote_note":"","_monsterinsights_sitenote_category":0,"_uf_show_specific_survey":0,"_uf_disable_surveys":false,"footnotes":""},"categories":[5],"tags":[],"class_list":["post-5203","post","type-post","status-publish","format-standard","has-post-thumbnail","hentry","category-almenara"],"_links":{"self":[{"href":"https:\/\/elcafedepipa.com\/index.php\/wp-json\/wp\/v2\/posts\/5203","targetHints":{"allow":["GET"]}}],"collection":[{"href":"https:\/\/elcafedepipa.com\/index.php\/wp-json\/wp\/v2\/posts"}],"about":[{"href":"https:\/\/elcafedepipa.com\/index.php\/wp-json\/wp\/v2\/types\/post"}],"author":[{"embeddable":true,"href":"https:\/\/elcafedepipa.com\/index.php\/wp-json\/wp\/v2\/users\/2"}],"replies":[{"embeddable":true,"href":"https:\/\/elcafedepipa.com\/index.php\/wp-json\/wp\/v2\/comments?post=5203"}],"version-history":[{"count":0,"href":"https:\/\/elcafedepipa.com\/index.php\/wp-json\/wp\/v2\/posts\/5203\/revisions"}],"wp:featuredmedia":[{"embeddable":true,"href":"https:\/\/elcafedepipa.com\/index.php\/wp-json\/wp\/v2\/media\/5204"}],"wp:attachment":[{"href":"https:\/\/elcafedepipa.com\/index.php\/wp-json\/wp\/v2\/media?parent=5203"}],"wp:term":[{"taxonomy":"category","embeddable":true,"href":"https:\/\/elcafedepipa.com\/index.php\/wp-json\/wp\/v2\/categories?post=5203"},{"taxonomy":"post_tag","embeddable":true,"href":"https:\/\/elcafedepipa.com\/index.php\/wp-json\/wp\/v2\/tags?post=5203"}],"curies":[{"name":"wp","href":"https:\/\/api.w.org\/{rel}","templated":true}]}}