{"id":5137,"date":"2024-09-08T13:00:00","date_gmt":"2024-09-08T11:00:00","guid":{"rendered":"https:\/\/elcafedepipa.com\/?p=5137"},"modified":"2024-09-06T14:13:06","modified_gmt":"2024-09-06T12:13:06","slug":"la-diputacio-de-castello-alleujara-el-cost-de-manteniment-de-carreteres-municipals-gracies-a-un-acord-amb-el-consell","status":"publish","type":"post","link":"https:\/\/elcafedepipa.com\/index.php\/2024\/09\/08\/la-diputacio-de-castello-alleujara-el-cost-de-manteniment-de-carreteres-municipals-gracies-a-un-acord-amb-el-consell\/","title":{"rendered":"La Diputaci\u00f3 de Castell\u00f3 alleujar\u00e0 el cost de manteniment de carreteres municipals gr\u00e0cies a un acord amb el Consell"},"content":{"rendered":"\n<p><strong>La presidenta de la Diputaci\u00f3 es reunix amb el conseller d&#8217;Infraestructures i acorden, de la m\u00e0 dels ajuntaments, la cessi\u00f3 de les carreteres per a descarregar-los d&#8217;una compet\u00e8ncia que, en molts casos, no poden assumir donat l&#8217;elevat cost que implica i que s&#8217;estima en 11.000 euros per quil\u00f2metre<\/strong><\/p>\n\n\n\n<p>La presidenta de la Diputaci\u00f3 Provincial de Castell\u00f3, Marta&nbsp;Barrachina, ha aconseguit un acord amb el Consell per a&nbsp;recatalogar&nbsp;carreteres de titularitat municipal, amb l&#8217;objectiu d&#8217;alleujar als municipis de menys de 5.000 habitants del cost del seu manteniment, que s&#8217;estima en 11.000 euros per quil\u00f2metre. Aix\u00ed, la Diputaci\u00f3 assumir\u00e0&nbsp;aquesta&nbsp;responsabilitat, descarregant als ajuntaments d\u2019una compet\u00e8ncia que sovint no poden suportar a causa dels elevats costos que implica.<\/p>\n\n\n\n<p>Barrachina&nbsp;ha destacat la import\u00e0ncia d&#8217;aquest&nbsp;acord, que permetr\u00e0 als municipis concentrar-se a oferir millors serveis a la ciutadania sense la c\u00e0rrega financera del manteniment de les carreteres. La presidenta ha subratllat que&nbsp;aquest&nbsp;\u00e9s un pas avant per a contribuir al desenvolupament i la prosperitat dels pobles m\u00e9s menuts de la prov\u00edncia, especialment en zones rurals i d&#8217;interior. \u201cAmb&nbsp;aquest&nbsp;acord, la Diputaci\u00f3 mostra una vegada m\u00e9s la seua voluntat de ser part de la soluci\u00f3 i de posar a disposici\u00f3 dels municipis els recursos necessaris&nbsp;per a&nbsp;millorar la qualitat de vida dels seus ve\u00efns\u201d, ha declarat.<\/p>\n\n\n\n<p>En la reuni\u00f3 amb el conseller de Medi Ambient, Infraestructures i Territori, Vicente Mart\u00ednez Mus, a la qual tamb\u00e9 van assistir el vicepresident de la Diputaci\u00f3,&nbsp;H\u00e9ctor&nbsp;Folgado, i el diputat de Medi Natural, Jos\u00e9 Mar\u00eda&nbsp;Andr\u00e9s, es va abordar la col\u00b7laboraci\u00f3 entre la Generalitat i la Diputaci\u00f3 per a continuar millorant les infraestructures vi\u00e0ries de la prov\u00edncia. Actualment, la Diputaci\u00f3 ja gestiona 724 quil\u00f2metres de carreteres, amb un pressupost anual de 8 milions d&#8217;euros per al seu manteniment, per\u00f2 amb&nbsp;aquest&nbsp;nou acord s\u2019ampliar\u00e0&nbsp;aquesta&nbsp;responsabilitat.<\/p>\n\n\n\n<p>A m\u00e9s del conveni per a la gesti\u00f3 de carreteres, les dues institucions treballen en un futur acord de col\u00b7laboraci\u00f3 per a abordar noves actuacions en infraestructures. S&#8217;ha elaborat un mapa de necessitats vi\u00e0ries i ja s&#8217;han identificat diverses obres urgents en municipis com&nbsp;Cortes de Arenoso, La Pobla de Benifass\u00e0, T\u00edrig o&nbsp;San Rafael del R\u00edo, amb una inversi\u00f3 inicial de 100.000 euros en 2025 per a la redacci\u00f3 dels projectes.<\/p>\n\n\n\n<p>El conseller Mart\u00ednez Mus va destacar la import\u00e0ncia d\u2019aquesta&nbsp;col\u00b7laboraci\u00f3 per a millorar la mobilitat i la seguretat en els municipis, especialment en l\u2019interior de la prov\u00edncia. A m\u00e9s, es van abordar altres temes d\u2019inter\u00e9s, com la depuraci\u00f3 d\u2019aig\u00fces, on ja s\u2019han invertit 11 milions d\u2019euros en 15 depuradores, i es va avan\u00e7ar en la preparaci\u00f3 d\u2019un nou conveni per a l\u2019any 2026.<\/p>\n","protected":false},"excerpt":{"rendered":"<p>La presidenta de la Diputaci\u00f3 es reunix amb el conseller d&#8217;Infraestructures i acorden, de la m\u00e0 dels ajuntaments, la cessi\u00f3 de les carreteres per a descarregar-los d&#8217;una compet\u00e8ncia que, en molts casos, no poden assumir donat l&#8217;elevat cost que implica i que s&#8217;estima en 11.000 euros per quil\u00f2metre La presidenta de la Diputaci\u00f3 Provincial de &#8230; <a title=\"La Diputaci\u00f3 de Castell\u00f3 alleujar\u00e0 el cost de manteniment de carreteres municipals gr\u00e0cies a un acord amb el Consell\" class=\"read-more\" href=\"https:\/\/elcafedepipa.com\/index.php\/2024\/09\/08\/la-diputacio-de-castello-alleujara-el-cost-de-manteniment-de-carreteres-municipals-gracies-a-un-acord-amb-el-consell\/\" aria-label=\"M\u00e9s informaci\u00f3 sobre La Diputaci\u00f3 de Castell\u00f3 alleujar\u00e0 el cost de manteniment de carreteres municipals gr\u00e0cies a un acord amb el Consell\">Read more<\/a><\/p>\n","protected":false},"author":2,"featured_media":5138,"comment_status":"closed","ping_status":"closed","sticky":false,"template":"","format":"standard","meta":{"om_disable_all_campaigns":false,"_monsterinsights_skip_tracking":false,"_monsterinsights_sitenote_active":false,"_monsterinsights_sitenote_note":"","_monsterinsights_sitenote_category":0,"_uf_show_specific_survey":0,"_uf_disable_surveys":false,"footnotes":""},"categories":[10],"tags":[],"class_list":["post-5137","post","type-post","status-publish","format-standard","has-post-thumbnail","hentry","category-provinciadecastello"],"_links":{"self":[{"href":"https:\/\/elcafedepipa.com\/index.php\/wp-json\/wp\/v2\/posts\/5137","targetHints":{"allow":["GET"]}}],"collection":[{"href":"https:\/\/elcafedepipa.com\/index.php\/wp-json\/wp\/v2\/posts"}],"about":[{"href":"https:\/\/elcafedepipa.com\/index.php\/wp-json\/wp\/v2\/types\/post"}],"author":[{"embeddable":true,"href":"https:\/\/elcafedepipa.com\/index.php\/wp-json\/wp\/v2\/users\/2"}],"replies":[{"embeddable":true,"href":"https:\/\/elcafedepipa.com\/index.php\/wp-json\/wp\/v2\/comments?post=5137"}],"version-history":[{"count":0,"href":"https:\/\/elcafedepipa.com\/index.php\/wp-json\/wp\/v2\/posts\/5137\/revisions"}],"wp:featuredmedia":[{"embeddable":true,"href":"https:\/\/elcafedepipa.com\/index.php\/wp-json\/wp\/v2\/media\/5138"}],"wp:attachment":[{"href":"https:\/\/elcafedepipa.com\/index.php\/wp-json\/wp\/v2\/media?parent=5137"}],"wp:term":[{"taxonomy":"category","embeddable":true,"href":"https:\/\/elcafedepipa.com\/index.php\/wp-json\/wp\/v2\/categories?post=5137"},{"taxonomy":"post_tag","embeddable":true,"href":"https:\/\/elcafedepipa.com\/index.php\/wp-json\/wp\/v2\/tags?post=5137"}],"curies":[{"name":"wp","href":"https:\/\/api.w.org\/{rel}","templated":true}]}}