{"id":5130,"date":"2024-09-06T16:00:00","date_gmt":"2024-09-06T14:00:00","guid":{"rendered":"https:\/\/elcafedepipa.com\/?p=5130"},"modified":"2024-09-06T14:10:12","modified_gmt":"2024-09-06T12:10:12","slug":"recta-final-de-les-festes-patronals-a-la-llosa","status":"publish","type":"post","link":"https:\/\/elcafedepipa.com\/index.php\/2024\/09\/06\/recta-final-de-les-festes-patronals-a-la-llosa\/","title":{"rendered":"Recta final de les Festes Patronals a La Llosa"},"content":{"rendered":"\n<p>Ahir, la tradicional festa de disfresses va fer gaudir a grans i menuts en el marc de les festes patronals en honor a Sant Felip Neri i Sant Isidre Llaurador. Princeses, superherois, personatges de conte, esportistes i altres divertides disfresses van desfilar pels carrers al ritme de la m\u00fasica de la xaranga, que va animar una jornada plena d&#8217;alegria i ganes de passar-ho b\u00e9. A m\u00e9s, els assistents van gaudir de les piscines, el tancament i les vaques de la ramaderia Parell.<\/p>\n\n\n\n<p><strong>Avui divendres, m\u00e9s diversi\u00f3<\/strong><\/p>\n\n\n\n<p>La festa continua hui amb un tobogan aqu\u00e0tic que promet emocions per a tots. A la vesprada, els aficionats taurins podran gaudir dels &#8216;novillos&#8217; de la ramaderia&nbsp;Germ\u00e1n&nbsp;Vidal, en un acte organitzat per l&#8217;Associaci\u00f3 Cultural&nbsp;La&nbsp;Llosa, seguit de la Nit Taurina Llosera amb la ramaderia&nbsp;Faet. Un dia ple d&#8217;activitats per a tots els gustos.<\/p>\n","protected":false},"excerpt":{"rendered":"<p>Ahir, la tradicional festa de disfresses va fer gaudir a grans i menuts en el marc de les festes patronals en honor a Sant Felip Neri i Sant Isidre Llaurador. Princeses, superherois, personatges de conte, esportistes i altres divertides disfresses van desfilar pels carrers al ritme de la m\u00fasica de la xaranga, que va animar &#8230; <a title=\"Recta final de les Festes Patronals a La Llosa\" class=\"read-more\" href=\"https:\/\/elcafedepipa.com\/index.php\/2024\/09\/06\/recta-final-de-les-festes-patronals-a-la-llosa\/\" aria-label=\"M\u00e9s informaci\u00f3 sobre Recta final de les Festes Patronals a La Llosa\">Read more<\/a><\/p>\n","protected":false},"author":2,"featured_media":5131,"comment_status":"closed","ping_status":"closed","sticky":false,"template":"","format":"standard","meta":{"om_disable_all_campaigns":false,"_monsterinsights_skip_tracking":false,"_monsterinsights_sitenote_active":false,"_monsterinsights_sitenote_note":"","_monsterinsights_sitenote_category":0,"_uf_show_specific_survey":0,"_uf_disable_surveys":false,"footnotes":""},"categories":[8],"tags":[],"class_list":["post-5130","post","type-post","status-publish","format-standard","has-post-thumbnail","hentry","category-lallosa"],"_links":{"self":[{"href":"https:\/\/elcafedepipa.com\/index.php\/wp-json\/wp\/v2\/posts\/5130","targetHints":{"allow":["GET"]}}],"collection":[{"href":"https:\/\/elcafedepipa.com\/index.php\/wp-json\/wp\/v2\/posts"}],"about":[{"href":"https:\/\/elcafedepipa.com\/index.php\/wp-json\/wp\/v2\/types\/post"}],"author":[{"embeddable":true,"href":"https:\/\/elcafedepipa.com\/index.php\/wp-json\/wp\/v2\/users\/2"}],"replies":[{"embeddable":true,"href":"https:\/\/elcafedepipa.com\/index.php\/wp-json\/wp\/v2\/comments?post=5130"}],"version-history":[{"count":0,"href":"https:\/\/elcafedepipa.com\/index.php\/wp-json\/wp\/v2\/posts\/5130\/revisions"}],"wp:featuredmedia":[{"embeddable":true,"href":"https:\/\/elcafedepipa.com\/index.php\/wp-json\/wp\/v2\/media\/5131"}],"wp:attachment":[{"href":"https:\/\/elcafedepipa.com\/index.php\/wp-json\/wp\/v2\/media?parent=5130"}],"wp:term":[{"taxonomy":"category","embeddable":true,"href":"https:\/\/elcafedepipa.com\/index.php\/wp-json\/wp\/v2\/categories?post=5130"},{"taxonomy":"post_tag","embeddable":true,"href":"https:\/\/elcafedepipa.com\/index.php\/wp-json\/wp\/v2\/tags?post=5130"}],"curies":[{"name":"wp","href":"https:\/\/api.w.org\/{rel}","templated":true}]}}