{"id":5127,"date":"2024-09-07T12:30:00","date_gmt":"2024-09-07T10:30:00","guid":{"rendered":"https:\/\/elcafedepipa.com\/?p=5127"},"modified":"2024-09-06T14:06:21","modified_gmt":"2024-09-06T12:06:21","slug":"el-pspv-denuncia-el-tancament-de-28-aules-a-castello-per-part-de-mazon-i-rovira-en-el-nou-curs-escolar","status":"publish","type":"post","link":"https:\/\/elcafedepipa.com\/index.php\/2024\/09\/07\/el-pspv-denuncia-el-tancament-de-28-aules-a-castello-per-part-de-mazon-i-rovira-en-el-nou-curs-escolar\/","title":{"rendered":"El PSPV denuncia el tancament de 28 aules a Castell\u00f3 per part de Maz\u00f3n i Rovira en el nou curs escolar"},"content":{"rendered":"\n<p><strong>El diputat Jos\u00e9 Luis Lorenz alerta que aquesta \u201cperversa\u201d mesura de Maz\u00f3n afectar\u00e0 greument la qualitat educativa i mostra la seua preocupaci\u00f3 sobre les seues greus conseq\u00fc\u00e8ncies per a les zones d&#8217;interior<\/strong><\/p>\n\n\n\n<p>El PSPV de Castell\u00f3 ha denunciat que el president de la Generalitat, Carlos Maz\u00f3n, i el conseller d\u2019Educaci\u00f3, Jos\u00e9 Antonio Rovira, han decretat el tancament de 28 aules d&#8217;infantil i prim\u00e0ria en la prov\u00edncia de Castell\u00f3 per al nou curs escolar que comen\u00e7a&nbsp;aquest&nbsp;dilluns. Jos\u00e9 Luis&nbsp;Lorenz, portaveu d&#8217;Educaci\u00f3 del PSPV a les Corts, ha qualificat&nbsp;aquesta&nbsp;mesura de &#8220;lamentable&#8221; i ha criticat que &#8220;el Partit Popular, en la seua versi\u00f3 m\u00e9s perversa, retalle en educaci\u00f3 p\u00fablica, que \u00e9s la base del futur i garantia de progr\u00e9s per als nostres fills i filles&#8221;.<\/p>\n\n\n\n<p>Segons&nbsp;Lorenz, ni en els moments econ\u00f2mics m\u00e9s dif\u00edcils i amb retallades massives el PP s&#8217;havia atrevit a reduir tantes unitats educatives. A m\u00e9s, alerta que&nbsp;aquestes&nbsp;retallades afectaran directament el personal docent, ja que el curs comen\u00e7ar\u00e0 amb 400 professors i professores menys. Aix\u00f2, segons&nbsp;Lorenz, tindr\u00e0 un impacte negatiu en la qualitat de l&#8217;ensenyament i en les oportunitats educatives per a l&#8217;alumnat.<\/p>\n\n\n\n<p>El diputat per Castell\u00f3 tamb\u00e9 ha advertit que&nbsp;aquestes&nbsp;retallades s\u00f3n un atac directe a la lluita contra la despoblaci\u00f3,&nbsp;perqu\u00e8&nbsp;les localitats m\u00e9s afectades s\u00f3n pobles xicotets de l&#8217;interior com el Forcall, Cinctorres, Eslida o&nbsp;Cortes de Arenoso.&nbsp;Lorenz&nbsp;ha destacat que les escoles s\u00f3n fonamentals per a&nbsp;aquestes&nbsp;comunitats, i la seua reducci\u00f3 nom\u00e9s accelerar\u00e0 la p\u00e8rdua de poblaci\u00f3 en&nbsp;aquestes&nbsp;zones rurals.<\/p>\n\n\n\n<p>A m\u00e9s, el portaveu ha recordat que, en els \u00faltims anys, la p\u00e8rdua d&#8217;aules de prim\u00e0ria per motius demogr\u00e0fics es compensava amb l&#8217;increment d&#8217;aules d&#8217;infantil i per a xiquets de dos anys en centres p\u00fablics. Ara, segons denuncia,&nbsp;aquest&nbsp;avan\u00e7 ha sigut revertit amb l&#8217;arribada del PP al govern de la Generalitat.&nbsp;Lorenz&nbsp;acusa Maz\u00f3n de voler afeblir l&#8217;educaci\u00f3 p\u00fablica per a beneficiar la privada, especialment en l&#8217;etapa de 0 a 3 anys, on l&#8217;oferta privada predomina.<\/p>\n\n\n\n<p>Finalment,&nbsp;Lorenz&nbsp;ha lamentat que &#8220;els esfor\u00e7os realitzats durant els \u00faltims huit anys amb Ximo Puig al capdavant de la Generalitat per a reduir les r\u00e0tios i millorar la qualitat educativa&#8221; hagen sigut desbaratats per les pol\u00edtiques neoliberals del nou govern.<\/p>\n","protected":false},"excerpt":{"rendered":"<p>El diputat Jos\u00e9 Luis Lorenz alerta que aquesta \u201cperversa\u201d mesura de Maz\u00f3n afectar\u00e0 greument la qualitat educativa i mostra la seua preocupaci\u00f3 sobre les seues greus conseq\u00fc\u00e8ncies per a les zones d&#8217;interior El PSPV de Castell\u00f3 ha denunciat que el president de la Generalitat, Carlos Maz\u00f3n, i el conseller d\u2019Educaci\u00f3, Jos\u00e9 Antonio Rovira, han decretat &#8230; <a title=\"El PSPV denuncia el tancament de 28 aules a Castell\u00f3 per part de Maz\u00f3n i Rovira en el nou curs escolar\" class=\"read-more\" href=\"https:\/\/elcafedepipa.com\/index.php\/2024\/09\/07\/el-pspv-denuncia-el-tancament-de-28-aules-a-castello-per-part-de-mazon-i-rovira-en-el-nou-curs-escolar\/\" aria-label=\"M\u00e9s informaci\u00f3 sobre El PSPV denuncia el tancament de 28 aules a Castell\u00f3 per part de Maz\u00f3n i Rovira en el nou curs escolar\">Read more<\/a><\/p>\n","protected":false},"author":2,"featured_media":5128,"comment_status":"closed","ping_status":"closed","sticky":false,"template":"","format":"standard","meta":{"om_disable_all_campaigns":false,"_monsterinsights_skip_tracking":false,"_monsterinsights_sitenote_active":false,"_monsterinsights_sitenote_note":"","_monsterinsights_sitenote_category":0,"_uf_show_specific_survey":0,"_uf_disable_surveys":false,"footnotes":""},"categories":[11],"tags":[],"class_list":["post-5127","post","type-post","status-publish","format-standard","has-post-thumbnail","hentry","category-comunitatvalenciana"],"_links":{"self":[{"href":"https:\/\/elcafedepipa.com\/index.php\/wp-json\/wp\/v2\/posts\/5127","targetHints":{"allow":["GET"]}}],"collection":[{"href":"https:\/\/elcafedepipa.com\/index.php\/wp-json\/wp\/v2\/posts"}],"about":[{"href":"https:\/\/elcafedepipa.com\/index.php\/wp-json\/wp\/v2\/types\/post"}],"author":[{"embeddable":true,"href":"https:\/\/elcafedepipa.com\/index.php\/wp-json\/wp\/v2\/users\/2"}],"replies":[{"embeddable":true,"href":"https:\/\/elcafedepipa.com\/index.php\/wp-json\/wp\/v2\/comments?post=5127"}],"version-history":[{"count":0,"href":"https:\/\/elcafedepipa.com\/index.php\/wp-json\/wp\/v2\/posts\/5127\/revisions"}],"wp:featuredmedia":[{"embeddable":true,"href":"https:\/\/elcafedepipa.com\/index.php\/wp-json\/wp\/v2\/media\/5128"}],"wp:attachment":[{"href":"https:\/\/elcafedepipa.com\/index.php\/wp-json\/wp\/v2\/media?parent=5127"}],"wp:term":[{"taxonomy":"category","embeddable":true,"href":"https:\/\/elcafedepipa.com\/index.php\/wp-json\/wp\/v2\/categories?post=5127"},{"taxonomy":"post_tag","embeddable":true,"href":"https:\/\/elcafedepipa.com\/index.php\/wp-json\/wp\/v2\/tags?post=5127"}],"curies":[{"name":"wp","href":"https:\/\/api.w.org\/{rel}","templated":true}]}}