{"id":5095,"date":"2024-09-08T12:30:00","date_gmt":"2024-09-08T10:30:00","guid":{"rendered":"https:\/\/elcafedepipa.com\/?p=5095"},"modified":"2024-09-06T10:41:52","modified_gmt":"2024-09-06T08:41:52","slug":"mazon-presenta-un-nou-decret-per-incentivar-la-construccio-de-vivendes-protegides","status":"publish","type":"post","link":"https:\/\/elcafedepipa.com\/index.php\/2024\/09\/08\/mazon-presenta-un-nou-decret-per-incentivar-la-construccio-de-vivendes-protegides\/","title":{"rendered":"Maz\u00f3n presenta un nou decret per incentivar la construcci\u00f3 de\u00a0vivendes\u00a0protegides"},"content":{"rendered":"\n<p><strong>Assenyala que el nou decret de\u00a0VPP\u00a0\u201cinclour\u00e0 la reserva m\u00ednima del 40% de les promocions d&#8217;habitatge per a joves menors de\u00a035\u00a0anys o fam\u00edlies monoparentals\u201d<\/strong><\/p>\n\n\n\n<p>El president de la Generalitat, Carlos Maz\u00f3n, ha anunciat el nou decret de&nbsp;Vivendes&nbsp;de Protecci\u00f3 P\u00fablica (VPP), que t\u00e9 com a objectiu facilitar l&#8217;acc\u00e9s a l&#8217;habitatge a joves i fam\u00edlies.&nbsp;Aquest&nbsp;nou reglament preveu la construcci\u00f3 de noves&nbsp;vivendes&nbsp;i reserva un 40% per a menors de&nbsp;35&nbsp;anys.<\/p>\n\n\n\n<p>El decret tamb\u00e9 beneficiar\u00e0 a fam\u00edlies monoparentals, persones amb discapacitat o depend\u00e8ncia i v\u00edctimes de viol\u00e8ncia de g\u00e8nere. A m\u00e9s, s&#8217;implementar\u00e0 un sistema de preus m\u00e0xims que s&#8217;ajustar\u00e0 segons l&#8217;evoluci\u00f3 del mercat, garantint que els preus de les&nbsp;VPP&nbsp;estiguen per davall dels de les&nbsp;vivendes&nbsp;lliures.<\/p>\n\n\n\n<p>Aquest&nbsp;decret forma part d&#8217;un pla m\u00e9s ampli que inclou la construcci\u00f3 de 10.000&nbsp;vivendes&nbsp;assequibles i altres mesures fiscals per a facilitar l&#8217;acc\u00e9s a l&#8217;habitatge.<\/p>\n","protected":false},"excerpt":{"rendered":"<p>Assenyala que el nou decret de\u00a0VPP\u00a0\u201cinclour\u00e0 la reserva m\u00ednima del 40% de les promocions d&#8217;habitatge per a joves menors de\u00a035\u00a0anys o fam\u00edlies monoparentals\u201d El president de la Generalitat, Carlos Maz\u00f3n, ha anunciat el nou decret de&nbsp;Vivendes&nbsp;de Protecci\u00f3 P\u00fablica (VPP), que t\u00e9 com a objectiu facilitar l&#8217;acc\u00e9s a l&#8217;habitatge a joves i fam\u00edlies.&nbsp;Aquest&nbsp;nou reglament preveu la &#8230; <a title=\"Maz\u00f3n presenta un nou decret per incentivar la construcci\u00f3 de\u00a0vivendes\u00a0protegides\" class=\"read-more\" href=\"https:\/\/elcafedepipa.com\/index.php\/2024\/09\/08\/mazon-presenta-un-nou-decret-per-incentivar-la-construccio-de-vivendes-protegides\/\" aria-label=\"M\u00e9s informaci\u00f3 sobre Maz\u00f3n presenta un nou decret per incentivar la construcci\u00f3 de\u00a0vivendes\u00a0protegides\">Read more<\/a><\/p>\n","protected":false},"author":2,"featured_media":5096,"comment_status":"closed","ping_status":"closed","sticky":false,"template":"","format":"standard","meta":{"om_disable_all_campaigns":false,"_monsterinsights_skip_tracking":false,"_monsterinsights_sitenote_active":false,"_monsterinsights_sitenote_note":"","_monsterinsights_sitenote_category":0,"_uf_show_specific_survey":0,"_uf_disable_surveys":false,"footnotes":""},"categories":[11],"tags":[],"class_list":["post-5095","post","type-post","status-publish","format-standard","has-post-thumbnail","hentry","category-comunitatvalenciana"],"_links":{"self":[{"href":"https:\/\/elcafedepipa.com\/index.php\/wp-json\/wp\/v2\/posts\/5095","targetHints":{"allow":["GET"]}}],"collection":[{"href":"https:\/\/elcafedepipa.com\/index.php\/wp-json\/wp\/v2\/posts"}],"about":[{"href":"https:\/\/elcafedepipa.com\/index.php\/wp-json\/wp\/v2\/types\/post"}],"author":[{"embeddable":true,"href":"https:\/\/elcafedepipa.com\/index.php\/wp-json\/wp\/v2\/users\/2"}],"replies":[{"embeddable":true,"href":"https:\/\/elcafedepipa.com\/index.php\/wp-json\/wp\/v2\/comments?post=5095"}],"version-history":[{"count":0,"href":"https:\/\/elcafedepipa.com\/index.php\/wp-json\/wp\/v2\/posts\/5095\/revisions"}],"wp:featuredmedia":[{"embeddable":true,"href":"https:\/\/elcafedepipa.com\/index.php\/wp-json\/wp\/v2\/media\/5096"}],"wp:attachment":[{"href":"https:\/\/elcafedepipa.com\/index.php\/wp-json\/wp\/v2\/media?parent=5095"}],"wp:term":[{"taxonomy":"category","embeddable":true,"href":"https:\/\/elcafedepipa.com\/index.php\/wp-json\/wp\/v2\/categories?post=5095"},{"taxonomy":"post_tag","embeddable":true,"href":"https:\/\/elcafedepipa.com\/index.php\/wp-json\/wp\/v2\/tags?post=5095"}],"curies":[{"name":"wp","href":"https:\/\/api.w.org\/{rel}","templated":true}]}}