{"id":5073,"date":"2024-09-07T09:30:00","date_gmt":"2024-09-07T07:30:00","guid":{"rendered":"https:\/\/elcafedepipa.com\/?p=5073"},"modified":"2024-09-06T09:46:46","modified_gmt":"2024-09-06T07:46:46","slug":"el-pspv-psoe-de-castello-critica-la-reunio-entre-barrachina-i-el-conseller-de-sanitat-com-una-perdua-de-temps","status":"publish","type":"post","link":"https:\/\/elcafedepipa.com\/index.php\/2024\/09\/07\/el-pspv-psoe-de-castello-critica-la-reunio-entre-barrachina-i-el-conseller-de-sanitat-com-una-perdua-de-temps\/","title":{"rendered":"El PSPV-PSOE de Castell\u00f3 critica la reuni\u00f3 entre\u00a0Barrachina\u00a0i el conseller de Sanitat com una p\u00e8rdua de temps"},"content":{"rendered":"\n<p><strong>Rafa Sim\u00f3 critica que la trobada entre tots dos dirigents del PP nom\u00e9s servira per a \u201cperdre el temps\u201d venent assoliments que no existeixen i no per a solucionar els greus problemes sanitaris de la prov\u00edncia com les llistes d&#8217;espera<\/strong><\/p>\n\n\n\n<p>El PSPV-PSOE de Castell\u00f3, a trav\u00e9s del diputat auton\u00f2mic Rafa Sim\u00f3, ha expressat la seua \u201cperplexitat\u201d per la reuni\u00f3 mantinguda entre la presidenta de la Diputaci\u00f3, Marta&nbsp;Barrachina, i el conseller de Sanitat,&nbsp;Marciano&nbsp;G\u00f3mez, per a repassar uns \u201csuposats assoliments\u201d en la sanitat p\u00fablica durant l&#8217;\u00faltim any. Sim\u00f3 ha qualificat la trobada de &#8220;p\u00e8rdua de temps&#8221;, ja que, segons ell,&nbsp;Barrachina&nbsp;no ha reivindicat millores per a la prov\u00edncia, i G\u00f3mez \u201cno t\u00e9 res a defensar\u201d, afirmant que \u201cobjectivament, la sanitat p\u00fablica de Castell\u00f3 est\u00e0 pitjor ara que fa&nbsp;12&nbsp;mesos\u201d.<\/p>\n\n\n\n<p>El portaveu de Sanitat del PSPV a les Corts ha criticat el Partit Popular per intentar presentar \u201cuna realitat de color de rosa\u201d, com l&#8217;avan\u00e7 del projecte d&#8217;ampliaci\u00f3 de l&#8217;Hospital General de Castell\u00f3, el qual, segons Sim\u00f3, \u201cporta tres mesos sense avan\u00e7os\u201d i ha assenyalat que \u201c\u00e9s evident que les obres no comen\u00e7aran&nbsp;aquesta&nbsp;legislatura\u201d.<\/p>\n\n\n\n<p>A m\u00e9s, Sim\u00f3 ha q\u00fcestionat la creaci\u00f3 de la macro\u00e0rea sanit\u00e0ria per part del PP, la qual considera que \u201cha empitjorat la qualitat assistencial\u201d. Segons ell, les llistes d&#8217;espera s&#8217;han incrementat en comparaci\u00f3 amb l&#8217;any anterior, amb una espera mitjana de&nbsp;127&nbsp;dies per a una operaci\u00f3 a l&#8217;Hospital General, la pitjor dada de la Comunitat Valenciana, enfront dels&nbsp;85&nbsp;dies d&#8217;espera en 2023.<\/p>\n\n\n\n<p>El diputat socialista ha acusat el PP de continuar amb un \u201cpla de desmantellament de la sanitat p\u00fablica\u201d, derivant pacients a la sanitat privada, la qual cosa, segons ell, provoca que els pacients hagen de despla\u00e7ar-se fins a Val\u00e8ncia. A m\u00e9s, ha lamentat que \u201cen estiu, els ciutadans hagen d\u2019esperar m\u00e9s de&nbsp;20&nbsp;dies per a ser atesos en atenci\u00f3 prim\u00e0ria\u201d.<\/p>\n\n\n\n<p>Sim\u00f3 ha concl\u00f2s afirmant que \u00e9s una &#8220;vergonya&#8221; que el PP \u201cen lloc de treballar per solucionar&nbsp;aquests&nbsp;problemes, organitze reunions per a vendre fum\u201d, criticant que ni&nbsp;Barrachina&nbsp;ni G\u00f3mez estan fent res per a millorar la situaci\u00f3. &#8220;Menys fotos i m\u00e9s treballar&#8221;, ha sentenciat.<\/p>\n","protected":false},"excerpt":{"rendered":"<p>Rafa Sim\u00f3 critica que la trobada entre tots dos dirigents del PP nom\u00e9s servira per a \u201cperdre el temps\u201d venent assoliments que no existeixen i no per a solucionar els greus problemes sanitaris de la prov\u00edncia com les llistes d&#8217;espera El PSPV-PSOE de Castell\u00f3, a trav\u00e9s del diputat auton\u00f2mic Rafa Sim\u00f3, ha expressat la seua &#8230; <a title=\"El PSPV-PSOE de Castell\u00f3 critica la reuni\u00f3 entre\u00a0Barrachina\u00a0i el conseller de Sanitat com una p\u00e8rdua de temps\" class=\"read-more\" href=\"https:\/\/elcafedepipa.com\/index.php\/2024\/09\/07\/el-pspv-psoe-de-castello-critica-la-reunio-entre-barrachina-i-el-conseller-de-sanitat-com-una-perdua-de-temps\/\" aria-label=\"M\u00e9s informaci\u00f3 sobre El PSPV-PSOE de Castell\u00f3 critica la reuni\u00f3 entre\u00a0Barrachina\u00a0i el conseller de Sanitat com una p\u00e8rdua de temps\">Read more<\/a><\/p>\n","protected":false},"author":2,"featured_media":5074,"comment_status":"closed","ping_status":"closed","sticky":false,"template":"","format":"standard","meta":{"om_disable_all_campaigns":false,"_monsterinsights_skip_tracking":false,"_monsterinsights_sitenote_active":false,"_monsterinsights_sitenote_note":"","_monsterinsights_sitenote_category":0,"_uf_show_specific_survey":0,"_uf_disable_surveys":false,"footnotes":""},"categories":[11,10],"tags":[],"class_list":["post-5073","post","type-post","status-publish","format-standard","has-post-thumbnail","hentry","category-comunitatvalenciana","category-provinciadecastello"],"_links":{"self":[{"href":"https:\/\/elcafedepipa.com\/index.php\/wp-json\/wp\/v2\/posts\/5073","targetHints":{"allow":["GET"]}}],"collection":[{"href":"https:\/\/elcafedepipa.com\/index.php\/wp-json\/wp\/v2\/posts"}],"about":[{"href":"https:\/\/elcafedepipa.com\/index.php\/wp-json\/wp\/v2\/types\/post"}],"author":[{"embeddable":true,"href":"https:\/\/elcafedepipa.com\/index.php\/wp-json\/wp\/v2\/users\/2"}],"replies":[{"embeddable":true,"href":"https:\/\/elcafedepipa.com\/index.php\/wp-json\/wp\/v2\/comments?post=5073"}],"version-history":[{"count":0,"href":"https:\/\/elcafedepipa.com\/index.php\/wp-json\/wp\/v2\/posts\/5073\/revisions"}],"wp:featuredmedia":[{"embeddable":true,"href":"https:\/\/elcafedepipa.com\/index.php\/wp-json\/wp\/v2\/media\/5074"}],"wp:attachment":[{"href":"https:\/\/elcafedepipa.com\/index.php\/wp-json\/wp\/v2\/media?parent=5073"}],"wp:term":[{"taxonomy":"category","embeddable":true,"href":"https:\/\/elcafedepipa.com\/index.php\/wp-json\/wp\/v2\/categories?post=5073"},{"taxonomy":"post_tag","embeddable":true,"href":"https:\/\/elcafedepipa.com\/index.php\/wp-json\/wp\/v2\/tags?post=5073"}],"curies":[{"name":"wp","href":"https:\/\/api.w.org\/{rel}","templated":true}]}}