{"id":5063,"date":"2024-09-06T09:35:00","date_gmt":"2024-09-06T07:35:00","guid":{"rendered":"https:\/\/elcafedepipa.com\/?p=5063"},"modified":"2024-09-06T09:35:03","modified_gmt":"2024-09-06T07:35:03","slug":"la-unio-llauradora-quantifica-les-perdues-per-la-pedra-a-la-vall-dalbaida-en-mes-d16-milions-deuros","status":"publish","type":"post","link":"https:\/\/elcafedepipa.com\/index.php\/2024\/09\/06\/la-unio-llauradora-quantifica-les-perdues-per-la-pedra-a-la-vall-dalbaida-en-mes-d16-milions-deuros\/","title":{"rendered":"La Uni\u00f3 Llauradora quantifica les p\u00e8rdues per la pedra a la Vall d&#8217;Albaida en m\u00e9s d&#8217;1,6 milions d&#8217;euros"},"content":{"rendered":"\n<p><strong>Les pluges han resultat molt beneficioses en la resta de les zones on no hi ha hagut sinistres<\/strong><\/p>\n\n\n\n<p>La Uni\u00f3 Llauradora ha fet una primera estimaci\u00f3 de les p\u00e8rdues ocasionades per la pedra en els \u00faltims dies a la comarca de la Vall d&#8217;Albaida, xifrant-les en m\u00e9s&nbsp;d&#8217;1,6&nbsp;milions d&#8217;euros. Segons l&#8217;organitzaci\u00f3, la superf\u00edcie de cultiu afectada per les tempestes oscil\u00b7la entre les 6.000 i 8.000 hect\u00e0rees.<\/p>\n\n\n\n<p>El cultiu m\u00e9s perjudicat ha estat el del caqui, amb p\u00e8rdues d\u2019uns 4 milions de quilos i valorades en 1 mili\u00f3 d&#8217;euros. Els c\u00edtrics tamb\u00e9 han patit importants danys, amb prop de 2 milions de quilos afectats i p\u00e8rdues de 400.000 euros. A m\u00e9s, s&#8217;han detectat desperfectes en vinyes, oliveres i ametlers, per\u00f2 amb una afectaci\u00f3 menor pel que fa al valor econ\u00f2mic comparat amb els cultius anteriors.<\/p>\n\n\n\n<p>Les poblacions m\u00e9s afectades per la pedra han estat Aielo de Malferit, l&#8217;Olleria, Ontinyent, Agullent, Albaida, Montaverner, Atzeneta d&#8217;Albaida, Palomar, Carr\u00edcola, B\u00e8lgida i Otos. La intensitat del dany ha estat molt desigual, oscil\u00b7lant entre un 5% i un 80 o 90% en les zones afectades. Agullent i Ontinyent s\u00f3n les m\u00e9s perjudicades, amb camps que arriben fins al 100%&nbsp;de&nbsp;danys.<\/p>\n\n\n\n<p>LA UNI\u00d3 recorda que la pedra \u00e9s un risc cobert per les assegurances agr\u00e0ries i ha sol\u00b7licitat a&nbsp;Agroseguro&nbsp;una r\u00e0pida avaluaci\u00f3 dels danys en les parcel\u00b7les afectades. A m\u00e9s, l&#8217;organitzaci\u00f3 ha demanat una s\u00e8rie de mesures de suport per als agricultors damnificats, incloent-hi ajudes directes, l&#8217;exempci\u00f3 de l&#8217;IBI en les parcel\u00b7les afectades, bonificacions en les quotes de la Seguretat Social durant un any, pr\u00e9stecs amb interessos subvencionats i ajudes per a les cooperatives comercialitzadores.<\/p>\n\n\n\n<p><strong>Pluges beneficioses en altres zones<\/strong><\/p>\n\n\n\n<p>En altres zones de la Comunitat Valenciana on no ha afectat la pedra, les pluges han sigut ben rebudes, especialment per als cultius de sec\u00e0, ajudant a mitigar els efectes de la sequera, encara que en alguns casos els danys ja s\u00f3n irreversibles. LA UNI\u00d3 ha reiterat la seua petici\u00f3 d&#8217;ajudes per a compensar les p\u00e8rdues en cultius com la vinya, l&#8217;olivera, l&#8217;ametler i els cereals, entre altres.<\/p>\n\n\n\n<p>Les pluges tamb\u00e9 han estat positives per als cultius de regadiu,&nbsp;permetent&nbsp;un estalvi en regs, la neteja dels arbres davant possibles plagues i la rec\u00e0rrega d&#8217;aq\u00fc\u00edfers i embassaments, que es trobaven en nivells baixos. En ramaderia, les precipitacions ajudaran a regenerar les pastures, reduint la necessitat de comprar pinsos per a alimentar el bestiar.<\/p>\n","protected":false},"excerpt":{"rendered":"<p>Les pluges han resultat molt beneficioses en la resta de les zones on no hi ha hagut sinistres La Uni\u00f3 Llauradora ha fet una primera estimaci\u00f3 de les p\u00e8rdues ocasionades per la pedra en els \u00faltims dies a la comarca de la Vall d&#8217;Albaida, xifrant-les en m\u00e9s&nbsp;d&#8217;1,6&nbsp;milions d&#8217;euros. Segons l&#8217;organitzaci\u00f3, la superf\u00edcie de cultiu afectada &#8230; <a title=\"La Uni\u00f3 Llauradora quantifica les p\u00e8rdues per la pedra a la Vall d&#8217;Albaida en m\u00e9s d&#8217;1,6 milions d&#8217;euros\" class=\"read-more\" href=\"https:\/\/elcafedepipa.com\/index.php\/2024\/09\/06\/la-unio-llauradora-quantifica-les-perdues-per-la-pedra-a-la-vall-dalbaida-en-mes-d16-milions-deuros\/\" aria-label=\"M\u00e9s informaci\u00f3 sobre La Uni\u00f3 Llauradora quantifica les p\u00e8rdues per la pedra a la Vall d&#8217;Albaida en m\u00e9s d&#8217;1,6 milions d&#8217;euros\">Read more<\/a><\/p>\n","protected":false},"author":2,"featured_media":5064,"comment_status":"closed","ping_status":"closed","sticky":false,"template":"","format":"standard","meta":{"om_disable_all_campaigns":false,"_monsterinsights_skip_tracking":false,"_monsterinsights_sitenote_active":false,"_monsterinsights_sitenote_note":"","_monsterinsights_sitenote_category":0,"_uf_show_specific_survey":0,"_uf_disable_surveys":false,"footnotes":""},"categories":[1],"tags":[],"class_list":["post-5063","post","type-post","status-publish","format-standard","has-post-thumbnail","hentry","category-non-classe"],"_links":{"self":[{"href":"https:\/\/elcafedepipa.com\/index.php\/wp-json\/wp\/v2\/posts\/5063","targetHints":{"allow":["GET"]}}],"collection":[{"href":"https:\/\/elcafedepipa.com\/index.php\/wp-json\/wp\/v2\/posts"}],"about":[{"href":"https:\/\/elcafedepipa.com\/index.php\/wp-json\/wp\/v2\/types\/post"}],"author":[{"embeddable":true,"href":"https:\/\/elcafedepipa.com\/index.php\/wp-json\/wp\/v2\/users\/2"}],"replies":[{"embeddable":true,"href":"https:\/\/elcafedepipa.com\/index.php\/wp-json\/wp\/v2\/comments?post=5063"}],"version-history":[{"count":0,"href":"https:\/\/elcafedepipa.com\/index.php\/wp-json\/wp\/v2\/posts\/5063\/revisions"}],"wp:featuredmedia":[{"embeddable":true,"href":"https:\/\/elcafedepipa.com\/index.php\/wp-json\/wp\/v2\/media\/5064"}],"wp:attachment":[{"href":"https:\/\/elcafedepipa.com\/index.php\/wp-json\/wp\/v2\/media?parent=5063"}],"wp:term":[{"taxonomy":"category","embeddable":true,"href":"https:\/\/elcafedepipa.com\/index.php\/wp-json\/wp\/v2\/categories?post=5063"},{"taxonomy":"post_tag","embeddable":true,"href":"https:\/\/elcafedepipa.com\/index.php\/wp-json\/wp\/v2\/tags?post=5063"}],"curies":[{"name":"wp","href":"https:\/\/api.w.org\/{rel}","templated":true}]}}