{"id":5040,"date":"2024-09-05T13:49:58","date_gmt":"2024-09-05T11:49:58","guid":{"rendered":"https:\/\/elcafedepipa.com\/?p=5040"},"modified":"2024-09-05T13:49:58","modified_gmt":"2024-09-05T11:49:58","slug":"la-diputacio-de-castello-reconeix-la-donacio-dinma-castell-per-a-la-investigacio-del-cancer-de-pulmo","status":"publish","type":"post","link":"https:\/\/elcafedepipa.com\/index.php\/2024\/09\/05\/la-diputacio-de-castello-reconeix-la-donacio-dinma-castell-per-a-la-investigacio-del-cancer-de-pulmo\/","title":{"rendered":"La Diputaci\u00f3 de Castell\u00f3 reconeix la donaci\u00f3 d&#8217;Inma Castell per a la investigaci\u00f3 del c\u00e0ncer de pulm\u00f3"},"content":{"rendered":"\n<p><strong>La presidenta de la Diputaci\u00f3 de Castell\u00f3 i de la Fundaci\u00f3 Hospital Provincial de Castell\u00f3 posa en valor la valentia i generositat de la periodista castellonenca en destinar els 5.800 euros recaptats de \u2018El marat\u00f3n de mi vida\u2019 per a finan\u00e7ar el projecte Bioneumotox<\/strong><\/p>\n\n\n\n<p>La presidenta de la Diputaci\u00f3 Provincial de Castell\u00f3 i de la Fundaci\u00f3 Hospital Provincial, Marta&nbsp;Barrachina, ha reconegut el gest heroic d&#8217;Inma&nbsp;Castell, qui ha donat la recaptaci\u00f3 del seu llibre a la investigaci\u00f3 del c\u00e0ncer de pulm\u00f3. La periodista castellonenca ha destinat els 5.800 euros recaptats amb el seu llibre \u2018El&nbsp;marat\u00f3n&nbsp;de mi vida.&nbsp;Convivir&nbsp;con el&nbsp;c\u00e1ncer&nbsp;es posible\u2019 per a finan\u00e7ar el projecte&nbsp;Bioneumotox, impulsant aix\u00ed els avan\u00e7os en la lluita contra&nbsp;aquesta&nbsp;malaltia.<\/p>\n\n\n\n<p>Inma&nbsp;Castell, qui va publicar fa quasi un any el seu llibre basat en la seua experi\u00e8ncia amb un c\u00e0ncer de pulm\u00f3 inicialment terminal, ha donat suport amb&nbsp;aquesta&nbsp;iniciativa a malalts, familiars i amics, oferint una guia sobre com conviure amb la malaltia i afrontar-la amb dignitat. La recaptaci\u00f3 del llibre s&#8217;ha materialitzat en un xec lliurat a l&#8217;Hospital Provincial de Castell\u00f3 per a continuar investigant el c\u00e0ncer que a ella mateixa li van diagnosticar.<\/p>\n\n\n\n<p>Marta&nbsp;Barrachina&nbsp;ha acompanyat a l&#8217;autora en l&#8217;acte de lliurament de la donaci\u00f3, juntament amb el&nbsp;Director&nbsp;Cient\u00edfic de la Fundaci\u00f3 Hospital Provincial,&nbsp;Carlos Ferrer, i l&#8217;onc\u00f2loga m\u00e8dica&nbsp;\u00c1ngela&nbsp;Montes. La presidenta ha destacat l&#8217;exemple d&#8217;Inma&nbsp;Castell com una font d&#8217;inspiraci\u00f3 i un model de superaci\u00f3 personal i professional. &#8220;El teu coratge i generositat s\u00f3n el far que guia el cam\u00ed de molts&#8221;, ha expressat&nbsp;Barrachina, elogiant la dedicaci\u00f3 d&#8217;Inma&nbsp;a ajudar altres persones fins i tot despr\u00e9s d&#8217;enfrontar les seues pr\u00f2pies batalles.<\/p>\n\n\n\n<p>Durant l&#8217;acte,&nbsp;Inma&nbsp;Castell ha recordat el recorregut de m\u00e9s de 1.200 quil\u00f2metres que ha fet des de la publicaci\u00f3 del seu llibre, amb tres edicions i prop de 700 exemplars distribu\u00efts. Ha destacat que, malgrat el seu pron\u00f2stic inicial desfavorable fa cinc anys, ara est\u00e0 &#8220;corrent&#8221; no nom\u00e9s per la seua superviv\u00e8ncia, sin\u00f3 per avan\u00e7ar cap a la cura i prevenci\u00f3 del c\u00e0ncer de pulm\u00f3 per a les generacions presents i futures.<\/p>\n\n\n\n<p>Amb la contribuci\u00f3 d&#8217;Inma&nbsp;Castell, l&#8217;Hospital Provincial de Castell\u00f3 continuar\u00e0 avan\u00e7ant en la investigaci\u00f3 del c\u00e0ncer de pulm\u00f3, un dels dos hospitals pioners&nbsp;a nivell mundial&nbsp;en un assaig cl\u00ednic per a una vacuna contra&nbsp;aquesta&nbsp;malaltia. Marta&nbsp;Barrachina&nbsp;ha subratllat l&#8217;orgull que sent per&nbsp;aquest&nbsp;\u00e8xit i ha destacat el comprom\u00eds dels professionals sanitaris que treballen di\u00e0riament en la lluita contra el c\u00e0ncer.<\/p>\n\n\n\n<p>La presidenta de la Diputaci\u00f3 tamb\u00e9 ha recordat l&#8217;augment de la dotaci\u00f3 econ\u00f2mica per a l&#8217;Hospital Provincial, que&nbsp;aquest&nbsp;any&nbsp;ascendeix&nbsp;a 200.000 euros, destinats a impulsar projectes d&#8217;investigaci\u00f3 i millorar l&#8217;atenci\u00f3 sanit\u00e0ria als ciutadans de Castell\u00f3. &#8220;Sabem que junts, amb suport mutu i promovent iniciatives com&nbsp;aquesta, podem marcar una difer\u00e8ncia real en la lluita contra el c\u00e0ncer&#8221;, ha concl\u00f2s&nbsp;Barrachina.<\/p>\n","protected":false},"excerpt":{"rendered":"<p>La presidenta de la Diputaci\u00f3 de Castell\u00f3 i de la Fundaci\u00f3 Hospital Provincial de Castell\u00f3 posa en valor la valentia i generositat de la periodista castellonenca en destinar els 5.800 euros recaptats de \u2018El marat\u00f3n de mi vida\u2019 per a finan\u00e7ar el projecte Bioneumotox La presidenta de la Diputaci\u00f3 Provincial de Castell\u00f3 i de la &#8230; <a title=\"La Diputaci\u00f3 de Castell\u00f3 reconeix la donaci\u00f3 d&#8217;Inma Castell per a la investigaci\u00f3 del c\u00e0ncer de pulm\u00f3\" class=\"read-more\" href=\"https:\/\/elcafedepipa.com\/index.php\/2024\/09\/05\/la-diputacio-de-castello-reconeix-la-donacio-dinma-castell-per-a-la-investigacio-del-cancer-de-pulmo\/\" aria-label=\"M\u00e9s informaci\u00f3 sobre La Diputaci\u00f3 de Castell\u00f3 reconeix la donaci\u00f3 d&#8217;Inma Castell per a la investigaci\u00f3 del c\u00e0ncer de pulm\u00f3\">Read more<\/a><\/p>\n","protected":false},"author":2,"featured_media":5041,"comment_status":"open","ping_status":"open","sticky":false,"template":"","format":"standard","meta":{"om_disable_all_campaigns":false,"_monsterinsights_skip_tracking":false,"_monsterinsights_sitenote_active":false,"_monsterinsights_sitenote_note":"","_monsterinsights_sitenote_category":0,"_uf_show_specific_survey":0,"_uf_disable_surveys":false,"footnotes":""},"categories":[1],"tags":[],"class_list":["post-5040","post","type-post","status-publish","format-standard","has-post-thumbnail","hentry","category-non-classe"],"_links":{"self":[{"href":"https:\/\/elcafedepipa.com\/index.php\/wp-json\/wp\/v2\/posts\/5040","targetHints":{"allow":["GET"]}}],"collection":[{"href":"https:\/\/elcafedepipa.com\/index.php\/wp-json\/wp\/v2\/posts"}],"about":[{"href":"https:\/\/elcafedepipa.com\/index.php\/wp-json\/wp\/v2\/types\/post"}],"author":[{"embeddable":true,"href":"https:\/\/elcafedepipa.com\/index.php\/wp-json\/wp\/v2\/users\/2"}],"replies":[{"embeddable":true,"href":"https:\/\/elcafedepipa.com\/index.php\/wp-json\/wp\/v2\/comments?post=5040"}],"version-history":[{"count":0,"href":"https:\/\/elcafedepipa.com\/index.php\/wp-json\/wp\/v2\/posts\/5040\/revisions"}],"wp:featuredmedia":[{"embeddable":true,"href":"https:\/\/elcafedepipa.com\/index.php\/wp-json\/wp\/v2\/media\/5041"}],"wp:attachment":[{"href":"https:\/\/elcafedepipa.com\/index.php\/wp-json\/wp\/v2\/media?parent=5040"}],"wp:term":[{"taxonomy":"category","embeddable":true,"href":"https:\/\/elcafedepipa.com\/index.php\/wp-json\/wp\/v2\/categories?post=5040"},{"taxonomy":"post_tag","embeddable":true,"href":"https:\/\/elcafedepipa.com\/index.php\/wp-json\/wp\/v2\/tags?post=5040"}],"curies":[{"name":"wp","href":"https:\/\/api.w.org\/{rel}","templated":true}]}}