{"id":5030,"date":"2024-09-05T13:20:11","date_gmt":"2024-09-05T11:20:11","guid":{"rendered":"https:\/\/elcafedepipa.com\/?p=5030"},"modified":"2024-09-05T13:20:12","modified_gmt":"2024-09-05T11:20:12","slug":"lescola-infantil-municipal-dalmenara-prepara-linici-del-curs-amb-novetats-i-millores","status":"publish","type":"post","link":"https:\/\/elcafedepipa.com\/index.php\/2024\/09\/05\/lescola-infantil-municipal-dalmenara-prepara-linici-del-curs-amb-novetats-i-millores\/","title":{"rendered":"L\u2019Escola Infantil Municipal d&#8217;Almenara prepara l&#8217;inici del curs amb novetats i millores"},"content":{"rendered":"\n<p><strong>El centre comptar\u00e0 amb una nova caldera amb una inversi\u00f3 municipal de 15.000 euros<\/strong><\/p>\n\n\n\n<p>L\u2019Escola Infantil Municipal d&#8217;Almenara ja est\u00e0 preparada per a l&#8217;inici del curs escolar, que comen\u00e7ar\u00e0 dilluns vinent amb un total de 107 alumnes. Els xiquets es distribuiran en 4 aules per a edats de 2 a 3 anys, 5 aules d&#8217;1 a 2 anys i una aula per als de 0 a 1 any. A m\u00e9s de les assignatures habituals, el centre continuar\u00e0 oferint l&#8217;assignatura extraescolar de m\u00fasica a partir del mes d&#8217;octubre. Les classes mantindran el seu horari habitual i inclouran el servei de cuina i menjador. Durant&nbsp;aquests&nbsp;dies, s&#8217;estan portant a terme jornades de conviv\u00e8ncia despr\u00e9s de la reuni\u00f3 amb les fam\u00edlies.<\/p>\n\n\n\n<p>Aquest&nbsp;estiu, s&#8217;han&nbsp;realitzat&nbsp;diverses tasques de posada a punt, neteja i reparacions en les instal\u00b7lacions, incloent-hi la instal\u00b7laci\u00f3 d&#8217;una nova caldera per a la calefacci\u00f3 i l&#8217;aigua calenta del centre, amb una inversi\u00f3 de prop de 15.000 euros per part de l&#8217;Ajuntament d&#8217;Almenara.<\/p>\n\n\n\n<p>L&#8217;alcaldessa d&#8217;Almenara,&nbsp;Est\u00edbaliz&nbsp;P\u00e9rez, ha visitat hui les instal\u00b7lacions juntament amb la directora,&nbsp;Asun&nbsp;Forner, per a supervisar els preparatius per al nou curs escolar i la nova caldera instal\u00b7lada.<\/p>\n\n\n\n<p>L&#8217;alcaldessa ha destacat que \u201cun any m\u00e9s, afrontem el nou curs de l\u2019Escola Infantil Municipal, gestionada directament per l&#8217;ajuntament de la localitat\u201d. P\u00e9rez ha assenyalat que el centre s&#8217;ha convertit \u201cen un punt de refer\u00e8ncia que estem millorant constantment, com ara amb la instal\u00b7laci\u00f3 de la nova caldera, els nous jocs i la zona de gespa artificial abans de l&#8217;estiu, els tendals en el seu moment, i altres actuacions futures\u201d.<\/p>\n\n\n\n<p>A m\u00e9s de l&#8217;ensenyament reglat i l&#8217;assignatura de m\u00fasica extraescolar, l&#8217;alcaldessa ha recordat que \u201cl\u2019Escola Infantil Municipal d\u2019Almenara&nbsp;compta amb&nbsp;un servei de cuina propi que&nbsp;ofereix&nbsp;men\u00fas equilibrats i saludables, utilitzant productes de proximitat\u201d.<\/p>\n","protected":false},"excerpt":{"rendered":"<p>El centre comptar\u00e0 amb una nova caldera amb una inversi\u00f3 municipal de 15.000 euros L\u2019Escola Infantil Municipal d&#8217;Almenara ja est\u00e0 preparada per a l&#8217;inici del curs escolar, que comen\u00e7ar\u00e0 dilluns vinent amb un total de 107 alumnes. Els xiquets es distribuiran en 4 aules per a edats de 2 a 3 anys, 5 aules d&#8217;1 &#8230; <a title=\"L\u2019Escola Infantil Municipal d&#8217;Almenara prepara l&#8217;inici del curs amb novetats i millores\" class=\"read-more\" href=\"https:\/\/elcafedepipa.com\/index.php\/2024\/09\/05\/lescola-infantil-municipal-dalmenara-prepara-linici-del-curs-amb-novetats-i-millores\/\" aria-label=\"M\u00e9s informaci\u00f3 sobre L\u2019Escola Infantil Municipal d&#8217;Almenara prepara l&#8217;inici del curs amb novetats i millores\">Read more<\/a><\/p>\n","protected":false},"author":2,"featured_media":5031,"comment_status":"closed","ping_status":"closed","sticky":false,"template":"","format":"standard","meta":{"om_disable_all_campaigns":false,"_monsterinsights_skip_tracking":false,"_monsterinsights_sitenote_active":false,"_monsterinsights_sitenote_note":"","_monsterinsights_sitenote_category":0,"_uf_show_specific_survey":0,"_uf_disable_surveys":false,"footnotes":""},"categories":[5],"tags":[],"class_list":["post-5030","post","type-post","status-publish","format-standard","has-post-thumbnail","hentry","category-almenara"],"_links":{"self":[{"href":"https:\/\/elcafedepipa.com\/index.php\/wp-json\/wp\/v2\/posts\/5030","targetHints":{"allow":["GET"]}}],"collection":[{"href":"https:\/\/elcafedepipa.com\/index.php\/wp-json\/wp\/v2\/posts"}],"about":[{"href":"https:\/\/elcafedepipa.com\/index.php\/wp-json\/wp\/v2\/types\/post"}],"author":[{"embeddable":true,"href":"https:\/\/elcafedepipa.com\/index.php\/wp-json\/wp\/v2\/users\/2"}],"replies":[{"embeddable":true,"href":"https:\/\/elcafedepipa.com\/index.php\/wp-json\/wp\/v2\/comments?post=5030"}],"version-history":[{"count":0,"href":"https:\/\/elcafedepipa.com\/index.php\/wp-json\/wp\/v2\/posts\/5030\/revisions"}],"wp:featuredmedia":[{"embeddable":true,"href":"https:\/\/elcafedepipa.com\/index.php\/wp-json\/wp\/v2\/media\/5031"}],"wp:attachment":[{"href":"https:\/\/elcafedepipa.com\/index.php\/wp-json\/wp\/v2\/media?parent=5030"}],"wp:term":[{"taxonomy":"category","embeddable":true,"href":"https:\/\/elcafedepipa.com\/index.php\/wp-json\/wp\/v2\/categories?post=5030"},{"taxonomy":"post_tag","embeddable":true,"href":"https:\/\/elcafedepipa.com\/index.php\/wp-json\/wp\/v2\/tags?post=5030"}],"curies":[{"name":"wp","href":"https:\/\/api.w.org\/{rel}","templated":true}]}}