{"id":5021,"date":"2024-09-05T11:39:35","date_gmt":"2024-09-05T09:39:35","guid":{"rendered":"https:\/\/elcafedepipa.com\/?p=5021"},"modified":"2024-09-05T11:39:36","modified_gmt":"2024-09-05T09:39:36","slug":"el-partit-popular-de-nules-aconsegueix-un-acord-per-condemnar-delictes-dodi-en-festes-a-barcelona","status":"publish","type":"post","link":"https:\/\/elcafedepipa.com\/index.php\/2024\/09\/05\/el-partit-popular-de-nules-aconsegueix-un-acord-per-condemnar-delictes-dodi-en-festes-a-barcelona\/","title":{"rendered":"El Partit Popular de Nules aconsegueix un acord per condemnar delictes d&#8217;odi en festes a Barcelona"},"content":{"rendered":"\n<p><strong>L&#8217;acord s&#8217;aconseguix amb l&#8217;abstenci\u00f3 de Centrats a Nules, i el rebuig del PSOE. \u201cA Nules hi ha els qui es consideren dem\u00f2crates, per\u00f2 quan es tracta de defendre la Carta Magna, s&#8217;arruguen\u201d, manifesta la\u00a0regidora\u00a0Susana\u00a0Sorribes<\/strong><\/p>\n\n\n\n<p>El passat divendres, el Partit Popular va aconseguir a Nules un acord en defensa de la democr\u00e0cia, condemnant els delictes d&#8217;odi comesos el 19 d&#8217;agost per part de separatistes catalans durant les festes del barri de Gr\u00e0cia a Barcelona.<\/p>\n\n\n\n<p>&#8220;Estarem sempre amb la Constituci\u00f3 i el respecte a les institucions. Creiem que els fets ocorreguts l&#8217;agost passat a Barcelona representen una mostra d&#8217;odi per part de separatistes radicals, que res tenen a veure amb la democr\u00e0cia que encarna Espanya&#8221;, ha manifestat la regidora del PP. &#8220;\u00c9s el nostre deure condemnar&nbsp;aquests&nbsp;actes vand\u00e0lics que atempten contra la presid\u00e8ncia de la Generalitat Valenciana. Per aix\u00f2, celebrem que Nules haja aprovat reprovar els fets, tot i que lamentem que no s&#8217;haja aconseguit la unanimitat dels partits representats a la corporaci\u00f3&#8221;.<\/p>\n\n\n\n<p>La regidora del PP va apel\u00b7lar al &#8220;sentit com\u00fa&#8221; i al &#8220;respecte&#8221; en la seua intervenci\u00f3, destacant que&nbsp;aquests&nbsp;valors &#8220;mai haurien de faltar en un estat democr\u00e0tic&#8221;. Va criticar la postura del portaveu socialista, que &#8220;no sembla entendre el significat&#8221; de condemnar fermament&nbsp;aquests&nbsp;actes. &#8220;No defensen la Comunitat Valenciana per damunt de rondalles, com la suposada exist\u00e8ncia dels Pa\u00efsos Catalans. Per damunt dels colors pol\u00edtics estan les institucions i les persones, i en el Partit Popular, els principis de la Constituci\u00f3 i la democr\u00e0cia tenen un ferm aliat&#8221;.<\/p>\n\n\n\n<p>L&#8217;acord de Nules va prosperar gr\u00e0cies a la iniciativa del PP, malgrat l&#8217;actitud d&#8217;un govern d&#8217;esquerres que, segons Sorribes, &#8220;s&#8217;ha posat de perfil&#8221;. Centrats a Nules es van abstindre, mentre que el PSOE i Esquerra Unida van votar en contra, una decisi\u00f3 que el PP lamenta.<\/p>\n\n\n\n<p>Els acords adoptats<\/p>\n\n\n\n<p>La proposta del PP aprovada condemna expl\u00edcitament la crema de la bandera i els actes violents contra el president Carlos Maz\u00f3n, manifestant el seu suport a la m\u00e0xima autoritat auton\u00f2mica en defensa de la identitat, integritat i autonomia de la Comunitat Valenciana.<\/p>\n\n\n\n<p>A m\u00e9s, l&#8217;acord&nbsp;exigeix&nbsp;a la Generalitat de Catalunya que garantisca el respecte a les senyes d&#8217;identitat reconegudes per l&#8217;Estatut d&#8217;Autonomia de la Comunitat Valenciana, i insta el Govern d&#8217;Espanya i les autoritats auton\u00f2miques catalanes a condemnar p\u00fablicament els fets ocorreguts.<\/p>\n","protected":false},"excerpt":{"rendered":"<p>L&#8217;acord s&#8217;aconseguix amb l&#8217;abstenci\u00f3 de Centrats a Nules, i el rebuig del PSOE. \u201cA Nules hi ha els qui es consideren dem\u00f2crates, per\u00f2 quan es tracta de defendre la Carta Magna, s&#8217;arruguen\u201d, manifesta la\u00a0regidora\u00a0Susana\u00a0Sorribes El passat divendres, el Partit Popular va aconseguir a Nules un acord en defensa de la democr\u00e0cia, condemnant els delictes d&#8217;odi &#8230; <a title=\"El Partit Popular de Nules aconsegueix un acord per condemnar delictes d&#8217;odi en festes a Barcelona\" class=\"read-more\" href=\"https:\/\/elcafedepipa.com\/index.php\/2024\/09\/05\/el-partit-popular-de-nules-aconsegueix-un-acord-per-condemnar-delictes-dodi-en-festes-a-barcelona\/\" aria-label=\"M\u00e9s informaci\u00f3 sobre El Partit Popular de Nules aconsegueix un acord per condemnar delictes d&#8217;odi en festes a Barcelona\">Read more<\/a><\/p>\n","protected":false},"author":2,"featured_media":5022,"comment_status":"closed","ping_status":"closed","sticky":false,"template":"","format":"standard","meta":{"om_disable_all_campaigns":false,"_monsterinsights_skip_tracking":false,"_monsterinsights_sitenote_active":false,"_monsterinsights_sitenote_note":"","_monsterinsights_sitenote_category":0,"_uf_show_specific_survey":0,"_uf_disable_surveys":false,"footnotes":""},"categories":[3],"tags":[],"class_list":["post-5021","post","type-post","status-publish","format-standard","has-post-thumbnail","hentry","category-nules"],"_links":{"self":[{"href":"https:\/\/elcafedepipa.com\/index.php\/wp-json\/wp\/v2\/posts\/5021","targetHints":{"allow":["GET"]}}],"collection":[{"href":"https:\/\/elcafedepipa.com\/index.php\/wp-json\/wp\/v2\/posts"}],"about":[{"href":"https:\/\/elcafedepipa.com\/index.php\/wp-json\/wp\/v2\/types\/post"}],"author":[{"embeddable":true,"href":"https:\/\/elcafedepipa.com\/index.php\/wp-json\/wp\/v2\/users\/2"}],"replies":[{"embeddable":true,"href":"https:\/\/elcafedepipa.com\/index.php\/wp-json\/wp\/v2\/comments?post=5021"}],"version-history":[{"count":0,"href":"https:\/\/elcafedepipa.com\/index.php\/wp-json\/wp\/v2\/posts\/5021\/revisions"}],"wp:featuredmedia":[{"embeddable":true,"href":"https:\/\/elcafedepipa.com\/index.php\/wp-json\/wp\/v2\/media\/5022"}],"wp:attachment":[{"href":"https:\/\/elcafedepipa.com\/index.php\/wp-json\/wp\/v2\/media?parent=5021"}],"wp:term":[{"taxonomy":"category","embeddable":true,"href":"https:\/\/elcafedepipa.com\/index.php\/wp-json\/wp\/v2\/categories?post=5021"},{"taxonomy":"post_tag","embeddable":true,"href":"https:\/\/elcafedepipa.com\/index.php\/wp-json\/wp\/v2\/tags?post=5021"}],"curies":[{"name":"wp","href":"https:\/\/api.w.org\/{rel}","templated":true}]}}