{"id":5018,"date":"2024-09-05T11:33:49","date_gmt":"2024-09-05T09:33:49","guid":{"rendered":"https:\/\/elcafedepipa.com\/?p=5018"},"modified":"2024-09-05T11:33:50","modified_gmt":"2024-09-05T09:33:50","slug":"marta-barrachina-es-reunix-amb-el-conseller-de-sanitat-marciano-gomez","status":"publish","type":"post","link":"https:\/\/elcafedepipa.com\/index.php\/2024\/09\/05\/marta-barrachina-es-reunix-amb-el-conseller-de-sanitat-marciano-gomez\/","title":{"rendered":"Marta Barrachina es reunix amb el conseller de Sanitat, Marciano G\u00f3mez"},"content":{"rendered":"\n<p><strong>\u201cLes actuacions previstes tenen l&#8217;objectiu d&#8217;oferir una atenci\u00f3 sanit\u00e0ria amb millors infraestructures i dotada amb els recursos adequats perqu\u00e8 els professionals sanitaris puguen oferir la millor atenci\u00f3 als seus pacients\u201d, ha expressat la dirigent\u00a0provincial<\/strong><\/p>\n\n\n\n<p>La presidenta de la Diputaci\u00f3 Provincial de Castell\u00f3, Marta&nbsp;Barrachina, ha iniciat&nbsp;aquest&nbsp;mes de setembre un calendari de reunions amb les diferents conselleries, centrant-se en una de les \u00e0rees m\u00e9s importants per al benestar de la ciutadania: la sanitat.<\/p>\n\n\n\n<p>Durant una trobada amb el conseller de Sanitat,&nbsp;Marciano&nbsp;G\u00f3mez,&nbsp;Barrachina&nbsp;ha destacat els avan\u00e7os significatius aconseguits en l&#8217;\u00faltim any per a recuperar la qualitat sanit\u00e0ria que mereixen els habitants de Castell\u00f3. La presidenta ha expressat el seu agra\u00efment al Consell de Maz\u00f3n per les actuacions encaminades a refor\u00e7ar l&#8217;assist\u00e8ncia sanit\u00e0ria p\u00fablica de la prov\u00edncia, millorant les infraestructures i dotant-les dels recursos adequats perqu\u00e8 els professionals puguen oferir la millor atenci\u00f3 als pacients.<\/p>\n\n\n\n<p>En&nbsp;aquesta&nbsp;reuni\u00f3, s&#8217;han abordat temes clau, com la situaci\u00f3 de l&#8217;Hospital General de Castell\u00f3, on s&#8217;han&nbsp;donat&nbsp;importants passos en el projecte del nou hospital. Destaca la publicaci\u00f3 del pla funcional per als pr\u00f2xims&nbsp;30&nbsp;anys, aix\u00ed com l&#8217;inici dels tr\u00e0mits per a la construcci\u00f3 de noves infraestructures. El proc\u00e9s d&#8217;expropiaci\u00f3 de les parcel\u00b7les necess\u00e0ries avan\u00e7a, i es preveu una licitaci\u00f3 imminent dels serveis d&#8217;arquitectura i enginyeria.<\/p>\n\n\n\n<p>A m\u00e9s dels avan\u00e7os en el nou hospital, tamb\u00e9 s&#8217;ha revisat l&#8217;ampliaci\u00f3 i reforma del Servei d&#8217;Urg\u00e8ncies, que doblar\u00e0 la capacitat d&#8217;atenci\u00f3 als pacients, millorant les zones d&#8217;\u00fas assistencial.<\/p>\n\n\n\n<p>La prov\u00edncia tamb\u00e9 ha vist progressos amb la creaci\u00f3 de l&#8217;Agrupaci\u00f3 Sanit\u00e0ria Interdepartamental (ASI) de Castell\u00f3, que unifica els departaments de salut de Vinar\u00f2s, Castell\u00f3 i la Plana per a garantir una atenci\u00f3 m\u00e9s eficient i equitativa. Gr\u00e0cies a un nou decret per a incentivar la cobertura de vacants, l&#8217;hospital de Vinar\u00f2s ha refor\u00e7at la seua plantilla amb nous especialistes.<\/p>\n\n\n\n<p>Barrachina&nbsp;ha subratllat els avan\u00e7os realitzats per a millorar les infraestructures sanit\u00e0ries i ha assegurat que continuar\u00e0 treballant en noves reunions per a demostrar el comprom\u00eds del Govern amb el benestar de la ciutadania.<\/p>\n","protected":false},"excerpt":{"rendered":"<p>\u201cLes actuacions previstes tenen l&#8217;objectiu d&#8217;oferir una atenci\u00f3 sanit\u00e0ria amb millors infraestructures i dotada amb els recursos adequats perqu\u00e8 els professionals sanitaris puguen oferir la millor atenci\u00f3 als seus pacients\u201d, ha expressat la dirigent\u00a0provincial La presidenta de la Diputaci\u00f3 Provincial de Castell\u00f3, Marta&nbsp;Barrachina, ha iniciat&nbsp;aquest&nbsp;mes de setembre un calendari de reunions amb les diferents conselleries, &#8230; <a title=\"Marta Barrachina es reunix amb el conseller de Sanitat, Marciano G\u00f3mez\" class=\"read-more\" href=\"https:\/\/elcafedepipa.com\/index.php\/2024\/09\/05\/marta-barrachina-es-reunix-amb-el-conseller-de-sanitat-marciano-gomez\/\" aria-label=\"M\u00e9s informaci\u00f3 sobre Marta Barrachina es reunix amb el conseller de Sanitat, Marciano G\u00f3mez\">Read more<\/a><\/p>\n","protected":false},"author":2,"featured_media":5019,"comment_status":"closed","ping_status":"closed","sticky":false,"template":"","format":"standard","meta":{"om_disable_all_campaigns":false,"_monsterinsights_skip_tracking":false,"_monsterinsights_sitenote_active":false,"_monsterinsights_sitenote_note":"","_monsterinsights_sitenote_category":0,"_uf_show_specific_survey":0,"_uf_disable_surveys":false,"footnotes":""},"categories":[10],"tags":[],"class_list":["post-5018","post","type-post","status-publish","format-standard","has-post-thumbnail","hentry","category-provinciadecastello"],"_links":{"self":[{"href":"https:\/\/elcafedepipa.com\/index.php\/wp-json\/wp\/v2\/posts\/5018","targetHints":{"allow":["GET"]}}],"collection":[{"href":"https:\/\/elcafedepipa.com\/index.php\/wp-json\/wp\/v2\/posts"}],"about":[{"href":"https:\/\/elcafedepipa.com\/index.php\/wp-json\/wp\/v2\/types\/post"}],"author":[{"embeddable":true,"href":"https:\/\/elcafedepipa.com\/index.php\/wp-json\/wp\/v2\/users\/2"}],"replies":[{"embeddable":true,"href":"https:\/\/elcafedepipa.com\/index.php\/wp-json\/wp\/v2\/comments?post=5018"}],"version-history":[{"count":0,"href":"https:\/\/elcafedepipa.com\/index.php\/wp-json\/wp\/v2\/posts\/5018\/revisions"}],"wp:featuredmedia":[{"embeddable":true,"href":"https:\/\/elcafedepipa.com\/index.php\/wp-json\/wp\/v2\/media\/5019"}],"wp:attachment":[{"href":"https:\/\/elcafedepipa.com\/index.php\/wp-json\/wp\/v2\/media?parent=5018"}],"wp:term":[{"taxonomy":"category","embeddable":true,"href":"https:\/\/elcafedepipa.com\/index.php\/wp-json\/wp\/v2\/categories?post=5018"},{"taxonomy":"post_tag","embeddable":true,"href":"https:\/\/elcafedepipa.com\/index.php\/wp-json\/wp\/v2\/tags?post=5018"}],"curies":[{"name":"wp","href":"https:\/\/api.w.org\/{rel}","templated":true}]}}