{"id":5005,"date":"2024-09-04T15:34:36","date_gmt":"2024-09-04T13:34:36","guid":{"rendered":"https:\/\/elcafedepipa.com\/?p=5005"},"modified":"2024-09-04T15:34:36","modified_gmt":"2024-09-04T13:34:36","slug":"nules-dona-suport-als-llauradors-davant-la-plaga-del-scirtothrips-aurantii","status":"publish","type":"post","link":"https:\/\/elcafedepipa.com\/index.php\/2024\/09\/04\/nules-dona-suport-als-llauradors-davant-la-plaga-del-scirtothrips-aurantii\/","title":{"rendered":"Nules dona suport als llauradors davant la plaga del\u00a0Scirtothrips\u00a0Aurantii"},"content":{"rendered":"\n<p class=\"wp-block-paragraph\"><strong>El ple aprova una declaraci\u00f3 institucional instant a les administracions auton\u00f2mica i estatal a establir ajudes<\/strong><\/p>\n\n\n\n<p class=\"wp-block-paragraph\">L&#8217;Ajuntament de Nules ha mostrat el seu comprom\u00eds amb el sector agrari enfront de la problem\u00e0tica que afecta els llauradors valencians, especialment a la comarca de la Plana Baixa, per la plaga del&nbsp;Scirtothrips&nbsp;Aurantii. Aquest insecte provoca greus danys als cultius de c\u00edtrics, la qual cosa incrementa considerablement els costos de producci\u00f3, ja que&nbsp;obliga els&nbsp;citricultors a aplicar m\u00e9s tractaments fitosanitaris per combatre-la.<\/p>\n\n\n\n<p class=\"wp-block-paragraph\">En resposta a aquesta situaci\u00f3, el ple de l\u2019Ajuntament de Nules ha aprovat una declaraci\u00f3 institucional per a recolzar els llauradors. En ella, es sol\u00b7licita a la Conselleria d\u2019Agricultura, Aigua, Ramaderia i Pesca la creaci\u00f3 d&#8217;una l\u00ednia pressupost\u00e0ria espec\u00edfica destinada a la distribuci\u00f3 gratu\u00efta de paranys adhesius cromotr\u00f2pics grocs durant els mesos de febrer i mar\u00e7, en les parcel\u00b7les de c\u00edtrics situades a les zones afectades per la plaga. A m\u00e9s, es demana ampliar aquesta l\u00ednia per incloure ajudes econ\u00f2miques directes als citricultors afectats, per compensar els costos addicionals derivats dels tractaments fitosanitaris necessaris.<\/p>\n\n\n\n<p class=\"wp-block-paragraph\">A m\u00e9s, l&#8217;Ajuntament insta al Ministeri d\u2019Agricultura, Pesca i Alimentaci\u00f3, aix\u00ed com a la Uni\u00f3 Europea, a establir ajudes econ\u00f2miques directes per als citricultors valencians, amb l\u2019objectiu de cobrir els costos que no queden compensats per la Conselleria d\u2019Agricultura.<\/p>\n\n\n\n<p class=\"wp-block-paragraph\">Tamb\u00e9 es compromet a col\u00b7laborar amb les organitzacions agr\u00e0ries en la difusi\u00f3 d\u2019informaci\u00f3 i recomanacions sobre la detecci\u00f3 i control del&nbsp;Scirtothrips&nbsp;Aurantii, aix\u00ed com en l\u2019assessorament t\u00e8cnic als llauradors del municipi.<\/p>\n\n\n\n<p class=\"wp-block-paragraph\">El regidor d\u2019Agricultura,&nbsp;C\u00e9sar&nbsp;Esta\u00f1ol, ha destacat que \u00abla situaci\u00f3 del sector agrari \u00e9s molt preocupant, i des de les institucions hem d\u2019estar al costat dels llauradors per ajudar-los a combatre aquesta nova plaga\u00bb.<\/p>\n","protected":false},"excerpt":{"rendered":"<p>El ple aprova una declaraci\u00f3 institucional instant a les administracions auton\u00f2mica i estatal a establir ajudes L&#8217;Ajuntament de Nules ha mostrat el seu comprom\u00eds amb el sector agrari enfront de la problem\u00e0tica que afecta els llauradors valencians, especialment a la comarca de la Plana Baixa, per la plaga del&nbsp;Scirtothrips&nbsp;Aurantii. Aquest insecte provoca greus danys als &#8230; <a title=\"Nules dona suport als llauradors davant la plaga del\u00a0Scirtothrips\u00a0Aurantii\" class=\"read-more\" href=\"https:\/\/elcafedepipa.com\/index.php\/2024\/09\/04\/nules-dona-suport-als-llauradors-davant-la-plaga-del-scirtothrips-aurantii\/\" aria-label=\"M\u00e9s informaci\u00f3 sobre Nules dona suport als llauradors davant la plaga del\u00a0Scirtothrips\u00a0Aurantii\">Read more<\/a><\/p>\n","protected":false},"author":2,"featured_media":5006,"comment_status":"closed","ping_status":"closed","sticky":false,"template":"","format":"standard","meta":{"om_disable_all_campaigns":false,"_monsterinsights_skip_tracking":false,"_uf_show_specific_survey":0,"_uf_disable_surveys":false,"slim_seo":{"title":"Nules dona suport als llauradors davant la plaga del\u00a0Scirtothrips\u00a0Aurantii - El caf\u00e9 de Pipa","description":"El ple aprova una declaraci\u00f3 institucional instant a les administracions auton\u00f2mica i estatal a establir ajudes L'Ajuntament de Nules ha mostrat el seu comprom\u00ed"},"footnotes":""},"categories":[3],"tags":[],"ppma_author":[74],"class_list":["post-5005","post","type-post","status-publish","format-standard","has-post-thumbnail","hentry","category-nules"],"distributor_meta":false,"distributor_terms":false,"distributor_media":false,"distributor_original_site_name":"El caf\u00e9 de Pipa","distributor_original_site_url":"https:\/\/elcafedepipa.com","push-errors":false,"authors":[{"term_id":74,"user_id":2,"is_guest":0,"slug":"radiolavallduixo","display_name":"Vicent Arnau Forner","avatar_url":"https:\/\/secure.gravatar.com\/avatar\/26a27d13d194fc3b4d2a7a933a63466fa1af911ef6eac8a107691f6aeb82d442?s=96&d=mm&r=g","author_category":"","first_name":"ecdp","last_name":"","user_url":"http:\/\/www.elcafedepipa.com","job_title":"","description":""}],"_links":{"self":[{"href":"https:\/\/elcafedepipa.com\/index.php\/wp-json\/wp\/v2\/posts\/5005","targetHints":{"allow":["GET"]}}],"collection":[{"href":"https:\/\/elcafedepipa.com\/index.php\/wp-json\/wp\/v2\/posts"}],"about":[{"href":"https:\/\/elcafedepipa.com\/index.php\/wp-json\/wp\/v2\/types\/post"}],"author":[{"embeddable":true,"href":"https:\/\/elcafedepipa.com\/index.php\/wp-json\/wp\/v2\/users\/2"}],"replies":[{"embeddable":true,"href":"https:\/\/elcafedepipa.com\/index.php\/wp-json\/wp\/v2\/comments?post=5005"}],"version-history":[{"count":0,"href":"https:\/\/elcafedepipa.com\/index.php\/wp-json\/wp\/v2\/posts\/5005\/revisions"}],"wp:featuredmedia":[{"embeddable":true,"href":"https:\/\/elcafedepipa.com\/index.php\/wp-json\/wp\/v2\/media\/5006"}],"wp:attachment":[{"href":"https:\/\/elcafedepipa.com\/index.php\/wp-json\/wp\/v2\/media?parent=5005"}],"wp:term":[{"taxonomy":"category","embeddable":true,"href":"https:\/\/elcafedepipa.com\/index.php\/wp-json\/wp\/v2\/categories?post=5005"},{"taxonomy":"post_tag","embeddable":true,"href":"https:\/\/elcafedepipa.com\/index.php\/wp-json\/wp\/v2\/tags?post=5005"},{"taxonomy":"author","embeddable":true,"href":"https:\/\/elcafedepipa.com\/index.php\/wp-json\/wp\/v2\/ppma_author?post=5005"}],"curies":[{"name":"wp","href":"https:\/\/api.w.org\/{rel}","templated":true}]}}