{"id":4938,"date":"2024-09-03T12:49:30","date_gmt":"2024-09-03T10:49:30","guid":{"rendered":"https:\/\/elcafedepipa.com\/?p=4938"},"modified":"2024-09-03T12:49:31","modified_gmt":"2024-09-03T10:49:31","slug":"almenara-obri-el-termini-dinscripcio-per-a-les-penyes-de-cara-a-les-festes-patronals","status":"publish","type":"post","link":"https:\/\/elcafedepipa.com\/index.php\/2024\/09\/03\/almenara-obri-el-termini-dinscripcio-per-a-les-penyes-de-cara-a-les-festes-patronals\/","title":{"rendered":"Almenara obri el termini d&#8217;inscripci\u00f3 per a les penyes de cara a les festes patronals"},"content":{"rendered":"\n<p><strong>Els i les representants hauran de formalitzar la seua inscripci\u00f3 en la Policia Local des de dem\u00e0, d\u00eda 4, &nbsp;fins al dimarts 17 de setembre de 8 a 15 hores<\/strong><\/p>\n\n\n\n<p>Des de dem\u00e0, dimecres 4, fins al dimarts 17 de setembre, les penyes d&#8217;Almenara poden registrar-se a les depend\u00e8ncies de la Policia Local, en horari de 8 a 15 hores, presentant el formulari d&#8217;inscripci\u00f3 que incloga la ubicaci\u00f3 i caracter\u00edstiques dels casals on els penyistes es reuniran durant les festes patronals de la localitat.<\/p>\n\n\n\n<p>Aquest&nbsp;registre t\u00e9 com a objectiu comptar amb una llista actualitzada de les penyes de la localitat i elaborar un pla d&#8217;ubicaci\u00f3 dels casals per a garantir la seguretat i la conviv\u00e8ncia ciutadana, aix\u00ed com establir un pla d&#8217;actuaci\u00f3 en cas d&#8217;urg\u00e8ncia. Es&nbsp;requereix&nbsp;la identificaci\u00f3 d&#8217;alguns representants de les penyes per a notificacions, i es recorda que, si la penya est\u00e0 formada per menors, es necessita la representaci\u00f3 d&#8217;adults com a tutors. A m\u00e9s, s&#8217;indica que els casals han de complir unes condicions m\u00ednimes de salubritat per a evitar mol\u00e8sties als usuaris i ve\u00efns, seguint les normes de civisme de l&#8217;Ordenan\u00e7a de Conviv\u00e8ncia Ciutadana.<\/p>\n\n\n\n<p>En cas de necessitar ocupaci\u00f3 de via p\u00fablica o tall de carrers, s&#8217;haur\u00e0 de sol\u00b7licitar l&#8217;autoritzaci\u00f3 corresponent. Pel que fa als horaris de m\u00fasica en els casals, es permetr\u00e0 des del 20 fins al 29 de setembre, amb l\u00edmits fins a les 4 de la matinada els divendres i dissabtes, i fins a les 2 de la matinada la resta dels dies. Els residus voluminosos hauran de ser depositats al costat dels contenidors de&nbsp;RSU&nbsp;els dies 3 i 10 d&#8217;octubre per a la seua recollida, o b\u00e9 a l&#8217;ecoparc de la localitat en els horaris establits. Els components de les penyes seran responsables de qualsevol infracci\u00f3 o sanci\u00f3 derivada de l&#8217;incompliment de les normatives vigents.<\/p>\n","protected":false},"excerpt":{"rendered":"<p>Els i les representants hauran de formalitzar la seua inscripci\u00f3 en la Policia Local des de dem\u00e0, d\u00eda 4, &nbsp;fins al dimarts 17 de setembre de 8 a 15 hores Des de dem\u00e0, dimecres 4, fins al dimarts 17 de setembre, les penyes d&#8217;Almenara poden registrar-se a les depend\u00e8ncies de la Policia Local, en horari &#8230; <a title=\"Almenara obri el termini d&#8217;inscripci\u00f3 per a les penyes de cara a les festes patronals\" class=\"read-more\" href=\"https:\/\/elcafedepipa.com\/index.php\/2024\/09\/03\/almenara-obri-el-termini-dinscripcio-per-a-les-penyes-de-cara-a-les-festes-patronals\/\" aria-label=\"M\u00e9s informaci\u00f3 sobre Almenara obri el termini d&#8217;inscripci\u00f3 per a les penyes de cara a les festes patronals\">Read more<\/a><\/p>\n","protected":false},"author":2,"featured_media":4939,"comment_status":"closed","ping_status":"closed","sticky":false,"template":"","format":"standard","meta":{"om_disable_all_campaigns":false,"_monsterinsights_skip_tracking":false,"_monsterinsights_sitenote_active":false,"_monsterinsights_sitenote_note":"","_monsterinsights_sitenote_category":0,"_uf_show_specific_survey":0,"_uf_disable_surveys":false,"footnotes":""},"categories":[5],"tags":[],"class_list":["post-4938","post","type-post","status-publish","format-standard","has-post-thumbnail","hentry","category-almenara"],"_links":{"self":[{"href":"https:\/\/elcafedepipa.com\/index.php\/wp-json\/wp\/v2\/posts\/4938","targetHints":{"allow":["GET"]}}],"collection":[{"href":"https:\/\/elcafedepipa.com\/index.php\/wp-json\/wp\/v2\/posts"}],"about":[{"href":"https:\/\/elcafedepipa.com\/index.php\/wp-json\/wp\/v2\/types\/post"}],"author":[{"embeddable":true,"href":"https:\/\/elcafedepipa.com\/index.php\/wp-json\/wp\/v2\/users\/2"}],"replies":[{"embeddable":true,"href":"https:\/\/elcafedepipa.com\/index.php\/wp-json\/wp\/v2\/comments?post=4938"}],"version-history":[{"count":0,"href":"https:\/\/elcafedepipa.com\/index.php\/wp-json\/wp\/v2\/posts\/4938\/revisions"}],"wp:featuredmedia":[{"embeddable":true,"href":"https:\/\/elcafedepipa.com\/index.php\/wp-json\/wp\/v2\/media\/4939"}],"wp:attachment":[{"href":"https:\/\/elcafedepipa.com\/index.php\/wp-json\/wp\/v2\/media?parent=4938"}],"wp:term":[{"taxonomy":"category","embeddable":true,"href":"https:\/\/elcafedepipa.com\/index.php\/wp-json\/wp\/v2\/categories?post=4938"},{"taxonomy":"post_tag","embeddable":true,"href":"https:\/\/elcafedepipa.com\/index.php\/wp-json\/wp\/v2\/tags?post=4938"}],"curies":[{"name":"wp","href":"https:\/\/api.w.org\/{rel}","templated":true}]}}