{"id":4916,"date":"2024-09-03T09:35:10","date_gmt":"2024-09-03T07:35:10","guid":{"rendered":"https:\/\/elcafedepipa.com\/?p=4916"},"modified":"2024-09-03T09:35:11","modified_gmt":"2024-09-03T07:35:11","slug":"laurora-estudia-desplacar-la-seua-operativa-per-a-preparar-vaixells-de-rescat-humanitari-fora-de-la-comunitat-valenciana","status":"publish","type":"post","link":"https:\/\/elcafedepipa.com\/index.php\/2024\/09\/03\/laurora-estudia-desplacar-la-seua-operativa-per-a-preparar-vaixells-de-rescat-humanitari-fora-de-la-comunitat-valenciana\/","title":{"rendered":"L&#8217;Aurora estudia despla\u00e7ar la seua operativa per a preparar vaixells de rescat humanitari fora de la Comunitat Valenciana"},"content":{"rendered":"\n<p><strong>L&#8217;entitat inicia una campanya per la condonaci\u00f3 de taxes en bloc per a tots els vaixells de la Flota de Rescat Civil Humanitari. A m\u00e9s treballa per a rebre a altres organitzacions ecologistes, cient\u00edfiques i humanit\u00e0ries en els ports valencians.<\/strong><\/p>\n\n\n\n<p>L&#8217;Aurora Grup de Suport, entitat creada en el port de Borriana des dels moviments socials, pol\u00edtics i culturals de base, est\u00e0 estudiant diferents opcions per a continuar desenvolupant amb garanties la seua activitat de suport a la flota de rescat civil humanitari fora del territori valenci\u00e0.<\/p>\n\n\n\n<p>El col\u00b7lectiu va comen\u00e7ar la seua missi\u00f3 de suport humanitari en 2015 i compta amb operativa constant en els ports de Borriana i Vinar\u00f2s. Tamb\u00e9 ha dut a terme accions en els ports de D\u00e9nia, Sagunt i Benicarl\u00f3. Des d&#8217;aquests enclavaments ha fet costat a m\u00e9s d&#8217;una vintena d&#8217;entitats humanit\u00e0ries procedents de tota Europa. Convertint els ports de la Comunitat Valenciana en un referent internacional de solidaritat i autoorganitzaci\u00f3 pel respecte efectiu dels drets humans.<\/p>\n\n\n\n<p>En aquest per\u00edode han assistit a 16 embarcacions diferents que han preparat 72 rotacions de rescat en la Mediterr\u00e0nia que han pogut rescatar milers de vides a la mar. Un tit\u00e0nic esfor\u00e7 des de la societat civil per a tractar de pal\u00b7liar la inacci\u00f3 dels estats membres de la Uni\u00f3 Europea que converteix vergonyosament el Mare Nostrum en la major fossa comuna del planeta.<\/p>\n\n\n\n<p>L&#8217;alemanya Tanja Seidel, nova Coordinadora d&#8217;Operativa i Desenvolupament Internacional de L&#8217;Aurora, lamenta els enormes perjudicis amb resultat de p\u00e8rdua de vides humanes que suposar\u00e0 el cobrament retroactiu de taxes portu\u00e0ries a les entitats humanit\u00e0ries per part de l&#8217;actual govern valenci\u00e0. &#8220;No ens sorpr\u00e8n aquest nou atac encap\u00e7alat per l&#8217;extrema dreta, l&#8217;est\u00e0vem esperant. Mantenim esperances en qu\u00e8 partits pol\u00edtics democr\u00e0tics i amb valors humanitaris donen una soluci\u00f3 r\u00e0pida a aquesta situaci\u00f3.&#8221;<\/p>\n\n\n\n<p>Des de L&#8217;Aurora Grup de Suport reclamen responsabilitat i humanitat als responsables pol\u00edtics de tot color. &#8220;Quin tipus de fiabilitat i projecci\u00f3 internacional mostra una instituci\u00f3 com el Govern Valenci\u00e0 en arribar a un comprom\u00eds de supressi\u00f3 de taxes per a despr\u00e9s aplicar-les amb car\u00e0cter retroactiu? Aix\u00f2 \u00e9s demencial i contrav\u00e9 tot sentit d&#8217;humanitat&#8221;.<\/p>\n\n\n\n<p>Durant aquest any L&#8217;Aurora ha rebut la trucada de diverses entitats internacionals de car\u00e0cter humanitari, ecologista i cient\u00edfic interessant-se en els ports valencians per a preparar la seua operativa. Els equips de coordinaci\u00f3 de l&#8217;organitzaci\u00f3 han realitzat gestions per a prestar-los la millor acollida reunint-se i tancant acords amb diversos actors implicats. Entre els objectius de L&#8217;Aurora tamb\u00e9 es troba molt avan\u00e7ada la creaci\u00f3 d&#8217;una acad\u00e8mia de formaci\u00f3 i entrenament especialitzat en llanxes r\u00e0pides amb projecci\u00f3 global. Actualment, tots aquests projectes i l&#8217;arribada de noves embarcacions de rescat es troben en situaci\u00f3 de pausa fins que els responsables del govern valenci\u00e0 prenguen una decisi\u00f3 fiable i inequ\u00edvoca.<\/p>\n\n\n\n<p>Des de L&#8217;Aurora lamenten haver de plantejar-se abandonar el territori valenci\u00e0 i no tan sols per motius humanitaris, tamb\u00e9 per la falta de visi\u00f3 de governants de tot l&#8217;espectre pol\u00edtic. &#8220;L&#8217;arribada d&#8217;aquests vaixells suposa prosperitat, generaci\u00f3 d&#8217;ocupaci\u00f3 i nous horitzons per a les treballadores de les nostres poblacions. \u00c9s lamentable que un port com el de Borriana constru\u00eft amb el consens i esfor\u00e7 dels nostres avantpassats perga aquesta oportunitat \u00fanica de continuar sent un referent&#8221; expressa Vicent Aleixandre, cofundador de l&#8217;entitat.<\/p>\n\n\n\n<p>En aquest apartat veuen la p\u00e8rdua de les xarxes creades amb afecte tots aquests anys amb prove\u00efdors, productors locals, petites empreses, hostaleria, serveis i professionals. L&#8217;equipament de vaixells en temps r\u00e8cord suposa una complexa coreografia que comen\u00e7a amb l&#8217;acci\u00f3 de les empreses responsables dels diferents varadors i acaba amb l&#8217;avituallament complet dels vaixells. En aquest proc\u00e9s participen prove\u00efdors locals d&#8217;aliments, empreses de lloguer de vehicles, transport, tractament de residus, prove\u00efment de carburant de combustibles i especialistes navals per destacar alguns. Sense deixar de costat allotjament, hostaleria i prestaci\u00f3 de tota mena de serveis, que tamb\u00e9 es beneficien positivament de la pres\u00e8ncia de centenars de volunt\u00e0ries d&#8217;aquesta flota en el nostre territori. L&#8217;Aurora est\u00e0 organitzant trobades sectorials amb totes les parts que es poden veure damnificades per a buscar aliances i estrat\u00e8gies comunes amb la societat civil a Borriana i Vinar\u00f2s.<\/p>\n\n\n\n<p>El Departament de N\u00e0utica de L&#8217;Aurora treballa des de fa mesos en la localitzaci\u00f3 i elecci\u00f3 de nous ports en el sud de Catalunya, M\u00farcia, Balears i Sic\u00edlia on poder reubicar les accions operatives, atenent criteris t\u00e8cnics, d\u2019ubicaci\u00f3 i de serveis. Marco Antonio Mart\u00ednez coordinador d&#8217;aquest departament compta amb una dilatada traject\u00f2ria en la posici\u00f3 de capit\u00e0 a bord d&#8217;embarcacions com Aita Mari, Open Arms, Louise Michel o Rise Above on ha pogut rescatar centenars de persones a la mar. &#8220;Perdre tot l&#8217;esfor\u00e7 realitzat per tantes persones en els ports valencians \u00e9s trist. Per\u00f2 no ens podem quedar de bra\u00e7os plegats. Necessitem ports en condicions \u00f2ptimes per a parar la massacre al Mediterrani mentre els governs no actuen nom\u00e9s quedem nosaltres. El poble tractant de salvar al poble, per a aix\u00f2 \u00e9s fonamental la uni\u00f3 i el comprom\u00eds amb valors humanitaris de tota la societat\u201d.<\/p>\n\n\n\n<p>L&#8217;Aurora comen\u00e7a una campanya de den\u00fancia i mobilitzaci\u00f3 on busca aliances amb la ciutadania i organitzacions valencianes i de tota Europa amb l&#8217;objectiu de fer reflexionar al govern valenci\u00e0. L&#8217;objectiu \u00e9s reclamar la condonaci\u00f3 efectiva de les taxes portu\u00e0ries a totes les entitats sense \u00e0nim de lucre afectades. Per a comen\u00e7ar, se sumar\u00e0 a la convocat\u00f2ria organitzada per l&#8217;entitat SMH el divendres 6 de setembre a les 11 hores enfront del Palau de la Generalitat Valenciana.<\/p>\n","protected":false},"excerpt":{"rendered":"<p>L&#8217;entitat inicia una campanya per la condonaci\u00f3 de taxes en bloc per a tots els vaixells de la Flota de Rescat Civil Humanitari. A m\u00e9s treballa per a rebre a altres organitzacions ecologistes, cient\u00edfiques i humanit\u00e0ries en els ports valencians. L&#8217;Aurora Grup de Suport, entitat creada en el port de Borriana des dels moviments socials, &#8230; <a title=\"L&#8217;Aurora estudia despla\u00e7ar la seua operativa per a preparar vaixells de rescat humanitari fora de la Comunitat Valenciana\" class=\"read-more\" href=\"https:\/\/elcafedepipa.com\/index.php\/2024\/09\/03\/laurora-estudia-desplacar-la-seua-operativa-per-a-preparar-vaixells-de-rescat-humanitari-fora-de-la-comunitat-valenciana\/\" aria-label=\"M\u00e9s informaci\u00f3 sobre L&#8217;Aurora estudia despla\u00e7ar la seua operativa per a preparar vaixells de rescat humanitari fora de la Comunitat Valenciana\">Read more<\/a><\/p>\n","protected":false},"author":2,"featured_media":4917,"comment_status":"closed","ping_status":"closed","sticky":false,"template":"","format":"standard","meta":{"om_disable_all_campaigns":false,"_monsterinsights_skip_tracking":false,"_monsterinsights_sitenote_active":false,"_monsterinsights_sitenote_note":"","_monsterinsights_sitenote_category":0,"_uf_show_specific_survey":0,"_uf_disable_surveys":false,"footnotes":""},"categories":[10],"tags":[],"class_list":["post-4916","post","type-post","status-publish","format-standard","has-post-thumbnail","hentry","category-provinciadecastello"],"_links":{"self":[{"href":"https:\/\/elcafedepipa.com\/index.php\/wp-json\/wp\/v2\/posts\/4916","targetHints":{"allow":["GET"]}}],"collection":[{"href":"https:\/\/elcafedepipa.com\/index.php\/wp-json\/wp\/v2\/posts"}],"about":[{"href":"https:\/\/elcafedepipa.com\/index.php\/wp-json\/wp\/v2\/types\/post"}],"author":[{"embeddable":true,"href":"https:\/\/elcafedepipa.com\/index.php\/wp-json\/wp\/v2\/users\/2"}],"replies":[{"embeddable":true,"href":"https:\/\/elcafedepipa.com\/index.php\/wp-json\/wp\/v2\/comments?post=4916"}],"version-history":[{"count":0,"href":"https:\/\/elcafedepipa.com\/index.php\/wp-json\/wp\/v2\/posts\/4916\/revisions"}],"wp:featuredmedia":[{"embeddable":true,"href":"https:\/\/elcafedepipa.com\/index.php\/wp-json\/wp\/v2\/media\/4917"}],"wp:attachment":[{"href":"https:\/\/elcafedepipa.com\/index.php\/wp-json\/wp\/v2\/media?parent=4916"}],"wp:term":[{"taxonomy":"category","embeddable":true,"href":"https:\/\/elcafedepipa.com\/index.php\/wp-json\/wp\/v2\/categories?post=4916"},{"taxonomy":"post_tag","embeddable":true,"href":"https:\/\/elcafedepipa.com\/index.php\/wp-json\/wp\/v2\/tags?post=4916"}],"curies":[{"name":"wp","href":"https:\/\/api.w.org\/{rel}","templated":true}]}}