{"id":4888,"date":"2024-09-02T13:51:10","date_gmt":"2024-09-02T11:51:10","guid":{"rendered":"https:\/\/elcafedepipa.com\/?p=4888"},"modified":"2024-09-02T13:51:12","modified_gmt":"2024-09-02T11:51:12","slug":"podcast-balanc-de-lestiu-de-lassociacio-arqueologica-de-la-vall-amb-fernando-nebot","status":"publish","type":"post","link":"https:\/\/elcafedepipa.com\/index.php\/2024\/09\/02\/podcast-balanc-de-lestiu-de-lassociacio-arqueologica-de-la-vall-amb-fernando-nebot\/","title":{"rendered":"Podcast | Balan\u00e7 de l&#8217;estiu de l&#8217;Associaci\u00f3 Arqueol\u00f2gica de la Vall amb Fernando Nebot"},"content":{"rendered":"\n<p><strong>\u00c0UDIO |<\/strong> Amb Fernando Nebot, secretari de l&#8217;Associaci\u00f3 Arqueol\u00f2gica de la Vall d&#8217;Uix\u00f3, repassem les activitats en les quals han participat durant l&#8217;estiu, destacant presentacions, rutes i fires del llibre. Tamb\u00e9 ens conta com es presenta la tardor pel que fa  a programaci\u00f3.<\/p>\n\n\n\n<figure class=\"wp-block-audio\"><audio controls src=\"https:\/\/elcafedepipa.com\/wp-content\/uploads\/2024\/09\/fdonebot2set.mp3\"><\/audio><\/figure>\n\n\n\n<p><\/p>\n","protected":false},"excerpt":{"rendered":"<p>\u00c0UDIO | Amb Fernando Nebot, secretari de l&#8217;Associaci\u00f3 Arqueol\u00f2gica de la Vall d&#8217;Uix\u00f3, repassem les activitats en les quals han participat durant l&#8217;estiu, destacant presentacions, rutes i fires del llibre. Tamb\u00e9 ens conta com es presenta la tardor pel que fa a programaci\u00f3.<\/p>\n","protected":false},"author":2,"featured_media":4890,"comment_status":"closed","ping_status":"closed","sticky":false,"template":"","format":"standard","meta":{"om_disable_all_campaigns":false,"_monsterinsights_skip_tracking":false,"_monsterinsights_sitenote_active":false,"_monsterinsights_sitenote_note":"","_monsterinsights_sitenote_category":0,"_uf_show_specific_survey":0,"_uf_disable_surveys":false,"footnotes":""},"categories":[1],"tags":[],"class_list":["post-4888","post","type-post","status-publish","format-standard","has-post-thumbnail","hentry","category-non-classe"],"_links":{"self":[{"href":"https:\/\/elcafedepipa.com\/index.php\/wp-json\/wp\/v2\/posts\/4888","targetHints":{"allow":["GET"]}}],"collection":[{"href":"https:\/\/elcafedepipa.com\/index.php\/wp-json\/wp\/v2\/posts"}],"about":[{"href":"https:\/\/elcafedepipa.com\/index.php\/wp-json\/wp\/v2\/types\/post"}],"author":[{"embeddable":true,"href":"https:\/\/elcafedepipa.com\/index.php\/wp-json\/wp\/v2\/users\/2"}],"replies":[{"embeddable":true,"href":"https:\/\/elcafedepipa.com\/index.php\/wp-json\/wp\/v2\/comments?post=4888"}],"version-history":[{"count":0,"href":"https:\/\/elcafedepipa.com\/index.php\/wp-json\/wp\/v2\/posts\/4888\/revisions"}],"wp:featuredmedia":[{"embeddable":true,"href":"https:\/\/elcafedepipa.com\/index.php\/wp-json\/wp\/v2\/media\/4890"}],"wp:attachment":[{"href":"https:\/\/elcafedepipa.com\/index.php\/wp-json\/wp\/v2\/media?parent=4888"}],"wp:term":[{"taxonomy":"category","embeddable":true,"href":"https:\/\/elcafedepipa.com\/index.php\/wp-json\/wp\/v2\/categories?post=4888"},{"taxonomy":"post_tag","embeddable":true,"href":"https:\/\/elcafedepipa.com\/index.php\/wp-json\/wp\/v2\/tags?post=4888"}],"curies":[{"name":"wp","href":"https:\/\/api.w.org\/{rel}","templated":true}]}}