{"id":4880,"date":"2024-09-02T13:16:16","date_gmt":"2024-09-02T11:16:16","guid":{"rendered":"https:\/\/elcafedepipa.com\/?p=4880"},"modified":"2024-09-02T13:16:17","modified_gmt":"2024-09-02T11:16:17","slug":"la-diputacio-de-castello-aprovara-ajudes-per-a-autonoms-i-pimes-afectats-pels-incendis-forestals-de-2022-i-2023","status":"publish","type":"post","link":"https:\/\/elcafedepipa.com\/index.php\/2024\/09\/02\/la-diputacio-de-castello-aprovara-ajudes-per-a-autonoms-i-pimes-afectats-pels-incendis-forestals-de-2022-i-2023\/","title":{"rendered":"La Diputaci\u00f3 de Castell\u00f3 aprovar\u00e0 ajudes per a aut\u00f2noms i pimes afectats pels incendis forestals de 2022 i 2023"},"content":{"rendered":"\n<p><strong>La Junta de Govern d&#8217;este dimarts aprovar\u00e0 el dest\u00ed del paquet de subvencions a ajuntaments de la prov\u00edncia afectats pels incendis de Bej\u00eds, Costur i Villanueva de Viver destinades a aut\u00f2noms i pimes per a enfortir la seua activitat econ\u00f2mic<\/strong><\/p>\n\n\n\n<p>La Diputaci\u00f3 Provincial de Castell\u00f3 ha anunciat que aprovar\u00e0 la concessi\u00f3 d&#8217;ajudes destinades a aut\u00f2noms i petites i mitjanes empreses (pimes) de 13 municipis de la prov\u00edncia que van ser afectats pels incendis forestals ocorreguts en 2022 i 2023.&nbsp;Aquesta&nbsp;mesura es discutir\u00e0 durant la Junta de Govern que se celebra&nbsp;aquest&nbsp;dimarts a la instituci\u00f3 provincial.<\/p>\n\n\n\n<p>L&#8217;ordre del dia inclou l&#8217;aprovaci\u00f3 d&#8217;una convocat\u00f2ria de subvencions dirigida a ajuntaments de la prov\u00edncia per ajudar aut\u00f2noms i pimes a enfortir la seua activitat econ\u00f2mica despr\u00e9s dels danys soferts pels incendis. La presidenta de la Diputaci\u00f3 de Castell\u00f3, Marta&nbsp;Barrachina, ha subratllat que &#8220;aquestes&nbsp;ajudes s\u00f3n un reflex del nostre comprom\u00eds per estar al costat dels ajuntaments de la nostra prov\u00edncia i refor\u00e7ar les nostres accions per protegir els interessos de la ciutadania, especialment aquells que es van veure obligats a tancar&nbsp;les seues portes&nbsp;i no van poder exercir la seua activitat a causa dels incendis forestals&#8221;.<\/p>\n\n\n\n<p>L&#8217;objectiu d&#8217;aquestes&nbsp;ajudes \u00e9s fomentar la reactivaci\u00f3 econ\u00f2mica i dinamitzar el territori mitjan\u00e7ant la implementaci\u00f3 de programes de recuperaci\u00f3 econ\u00f2mica.&nbsp;Barrachina&nbsp;ha afirmat que &#8220;estem aqu\u00ed perqu\u00e8 els recursos de la Diputaci\u00f3 es destinen al que de veritat importa: atendre les necessitats dels ciutadans i estar al costat dels castellonencs i els nostres municipis&#8221;.<\/p>\n\n\n\n<p>A m\u00e9s, la presidenta ha destacat &#8220;l&#8217;esfor\u00e7 de les petites empreses i aut\u00f2noms de la prov\u00edncia per mantenir l&#8217;ocupaci\u00f3 als pobles&#8221; i ha remarcat la necessitat de donar suport a aquells que van patir majors p\u00e8rdues durant els incendis de&nbsp;Bej\u00eds, Costur i&nbsp;Villanueva de Viver. &#8220;Van ser mesos molt dif\u00edcils per a tots ells i la nostra obligaci\u00f3 \u00e9s estar al seu costat per ajudar-los a mitigar les p\u00e8rdues econ\u00f2miques que van patir&#8221;, ha afegit.<\/p>\n\n\n\n<p>Per la seua banda, la vicepresidenta de la instituci\u00f3 provincial i responsable de l&#8217;\u00c0rea Econ\u00f2mica, Mar\u00eda \u00c1ngeles Pallar\u00e9s, ha&nbsp;posat en valor&nbsp;el paper de les persones emprenedores i les noves empreses en la recuperaci\u00f3 econ\u00f2mica de Castell\u00f3. &#8220;Gr\u00e0cies a les persones que emprenen i posen en marxa nous negocis, l&#8217;economia castellonenca continua creixent i els pobles i ciutats continuen millorant. Per aix\u00f2, hem d&#8217;estar al seu costat per mantenir l&#8217;ocupaci\u00f3, especialment en els municipis m\u00e9s petits&#8221;, ha ressaltat Pallar\u00e9s.<\/p>\n\n\n\n<p>Per a pal\u00b7liar les p\u00e8rdues de les pimes i aut\u00f2noms durant els incendis de 2022 i 2023, la Diputaci\u00f3 ha destinat un total de 121.870 euros a 13 ajuntaments dels municipis afectats pel foc, amb la finalitat d&#8217;impulsar programes de reactivaci\u00f3 econ\u00f2mica. &#8220;Cadascun dels tretze ajuntaments ha&nbsp;realitzat&nbsp;una an\u00e0lisi dels sectors m\u00e9s perjudicats i ha presentat un pla d&#8217;actuaci\u00f3 per a destinar la subvenci\u00f3 de la Diputaci\u00f3 amb l&#8217;objectiu de revitalitzar l&#8217;activitat econ\u00f2mica i promoure el comer\u00e7 local&#8221;, ha explicat Pallar\u00e9s.<\/p>\n\n\n\n<p>Els municipis que rebran&nbsp;aquestes&nbsp;ajudes s\u00f3n&nbsp;Bej\u00eds,&nbsp;Tor\u00e1s,&nbsp;Mont\u00e1n,&nbsp;Puebla de Arenoso,&nbsp;Fuente la Reina,&nbsp;J\u00e9rica, Altura, el Toro, Llucena,&nbsp;Les&nbsp;Useres, Costur, Figueroles i&nbsp;Barracas. &#8220;Reforcem el nostre comprom\u00eds amb els municipis i ciutadans de la prov\u00edncia i complim amb la paraula donada, demostrant, una vegada m\u00e9s, que estem al costat dels qui m\u00e9s ho necessiten amb ajudes reals&#8221;, ha concl\u00f2s la diputada provincial.<\/p>\n","protected":false},"excerpt":{"rendered":"<p>La Junta de Govern d&#8217;este dimarts aprovar\u00e0 el dest\u00ed del paquet de subvencions a ajuntaments de la prov\u00edncia afectats pels incendis de Bej\u00eds, Costur i Villanueva de Viver destinades a aut\u00f2noms i pimes per a enfortir la seua activitat econ\u00f2mic La Diputaci\u00f3 Provincial de Castell\u00f3 ha anunciat que aprovar\u00e0 la concessi\u00f3 d&#8217;ajudes destinades a aut\u00f2noms &#8230; <a title=\"La Diputaci\u00f3 de Castell\u00f3 aprovar\u00e0 ajudes per a aut\u00f2noms i pimes afectats pels incendis forestals de 2022 i 2023\" class=\"read-more\" href=\"https:\/\/elcafedepipa.com\/index.php\/2024\/09\/02\/la-diputacio-de-castello-aprovara-ajudes-per-a-autonoms-i-pimes-afectats-pels-incendis-forestals-de-2022-i-2023\/\" aria-label=\"M\u00e9s informaci\u00f3 sobre La Diputaci\u00f3 de Castell\u00f3 aprovar\u00e0 ajudes per a aut\u00f2noms i pimes afectats pels incendis forestals de 2022 i 2023\">Read more<\/a><\/p>\n","protected":false},"author":2,"featured_media":4881,"comment_status":"closed","ping_status":"closed","sticky":false,"template":"","format":"standard","meta":{"om_disable_all_campaigns":false,"_monsterinsights_skip_tracking":false,"_monsterinsights_sitenote_active":false,"_monsterinsights_sitenote_note":"","_monsterinsights_sitenote_category":0,"_uf_show_specific_survey":0,"_uf_disable_surveys":false,"footnotes":""},"categories":[10],"tags":[],"class_list":["post-4880","post","type-post","status-publish","format-standard","has-post-thumbnail","hentry","category-provinciadecastello"],"_links":{"self":[{"href":"https:\/\/elcafedepipa.com\/index.php\/wp-json\/wp\/v2\/posts\/4880","targetHints":{"allow":["GET"]}}],"collection":[{"href":"https:\/\/elcafedepipa.com\/index.php\/wp-json\/wp\/v2\/posts"}],"about":[{"href":"https:\/\/elcafedepipa.com\/index.php\/wp-json\/wp\/v2\/types\/post"}],"author":[{"embeddable":true,"href":"https:\/\/elcafedepipa.com\/index.php\/wp-json\/wp\/v2\/users\/2"}],"replies":[{"embeddable":true,"href":"https:\/\/elcafedepipa.com\/index.php\/wp-json\/wp\/v2\/comments?post=4880"}],"version-history":[{"count":0,"href":"https:\/\/elcafedepipa.com\/index.php\/wp-json\/wp\/v2\/posts\/4880\/revisions"}],"wp:featuredmedia":[{"embeddable":true,"href":"https:\/\/elcafedepipa.com\/index.php\/wp-json\/wp\/v2\/media\/4881"}],"wp:attachment":[{"href":"https:\/\/elcafedepipa.com\/index.php\/wp-json\/wp\/v2\/media?parent=4880"}],"wp:term":[{"taxonomy":"category","embeddable":true,"href":"https:\/\/elcafedepipa.com\/index.php\/wp-json\/wp\/v2\/categories?post=4880"},{"taxonomy":"post_tag","embeddable":true,"href":"https:\/\/elcafedepipa.com\/index.php\/wp-json\/wp\/v2\/tags?post=4880"}],"curies":[{"name":"wp","href":"https:\/\/api.w.org\/{rel}","templated":true}]}}