{"id":4877,"date":"2024-09-02T12:07:11","date_gmt":"2024-09-02T10:07:11","guid":{"rendered":"https:\/\/elcafedepipa.com\/?p=4877"},"modified":"2024-09-02T12:07:13","modified_gmt":"2024-09-02T10:07:13","slug":"almenara-celebra-la-junta-local-de-seguretat-per-preparar-les-festes-patronals-i-la-campanya-de-citrics","status":"publish","type":"post","link":"https:\/\/elcafedepipa.com\/index.php\/2024\/09\/02\/almenara-celebra-la-junta-local-de-seguretat-per-preparar-les-festes-patronals-i-la-campanya-de-citrics\/","title":{"rendered":"Almenara celebra la Junta Local de Seguretat per preparar les Festes Patronals i la campanya de c\u00edtrics"},"content":{"rendered":"\n<p><strong>Tamb\u00e9 s\u2019ha tractat el protocol Viogen<\/strong><\/p>\n\n\n\n<p>Aquest&nbsp;mat\u00ed, la Sala d\u2019Actes de l&#8217;Ajuntament d&#8217;Almenara ha acollit la sessi\u00f3 de la Junta Local de Seguretat, on s&#8217;han tractat diversos temes importants, com l&#8217;operatiu de seguretat per a les pr\u00f2ximes Festes Patronals, la temporada de collites en el camp i l&#8217;aplicaci\u00f3 del protocol&nbsp;Viogen.<\/p>\n\n\n\n<p>La reuni\u00f3 ha estat presidida per l&#8217;alcaldessa d&#8217;Almenara,&nbsp;Est\u00edbaliz&nbsp;P\u00e9rez, i ha comptat amb la pres\u00e8ncia de la Subdelegada del Govern a Castell\u00f3,&nbsp;Antonia&nbsp;Garc\u00eda&nbsp;Valls, aix\u00ed com dels responsables de la Gu\u00e0rdia Civil, la Policia Auton\u00f2mica, la Policia Local i la Cap de la Unitat per a la Viol\u00e8ncia Contra la Dona de la Subdelegaci\u00f3 del Govern, Rosa Marco.<\/p>\n\n\n\n<p>Les Festes Patronals han estat un dels punts centrals de la reuni\u00f3, on s&#8217;ha presentat el dispositiu de seguretat planificat per la Policia Local, la Policia Auton\u00f2mica i la Gu\u00e0rdia Civil.&nbsp;Aquest&nbsp;operatiu es centrar\u00e0 especialment en els esdeveniments multitudinaris i en aquells on es considere necessari augmentar la pres\u00e8ncia policial. A m\u00e9s del desplegament de seguretat, s&#8217;instal\u00b7laran punts violeta d&#8217;informaci\u00f3 i assessorament en els esdeveniments amb major aflu\u00e8ncia per garantir la seguretat i el suport necessari als assistents.<\/p>\n\n\n\n<p>Tamb\u00e9 s&#8217;ha discutit l&#8217;operatiu per a la pr\u00f2xima campanya de recol\u00b7lecci\u00f3 de c\u00edtrics, assegurant que es prenen les mesures necess\u00e0ries&nbsp;per a&nbsp;garantir una temporada segura i eficient per als treballadors del camp.<\/p>\n\n\n\n<p>Finalment, s&#8217;ha fet un balan\u00e7 sobre la col\u00b7laboraci\u00f3 entre la Policia Local d&#8217;Almenara i la Gu\u00e0rdia Civil en mat\u00e8ria de viol\u00e8ncia masclista, destacant els resultats positius del protocol&nbsp;Viogen&nbsp;en el qual participa activament la Policia Local.&nbsp;Aquesta&nbsp;col\u00b7laboraci\u00f3 ha estat crucial per oferir una resposta efectiva a les situacions de viol\u00e8ncia contra la dona al municipi.<\/p>\n","protected":false},"excerpt":{"rendered":"<p>Tamb\u00e9 s\u2019ha tractat el protocol Viogen Aquest&nbsp;mat\u00ed, la Sala d\u2019Actes de l&#8217;Ajuntament d&#8217;Almenara ha acollit la sessi\u00f3 de la Junta Local de Seguretat, on s&#8217;han tractat diversos temes importants, com l&#8217;operatiu de seguretat per a les pr\u00f2ximes Festes Patronals, la temporada de collites en el camp i l&#8217;aplicaci\u00f3 del protocol&nbsp;Viogen. La reuni\u00f3 ha estat presidida &#8230; <a title=\"Almenara celebra la Junta Local de Seguretat per preparar les Festes Patronals i la campanya de c\u00edtrics\" class=\"read-more\" href=\"https:\/\/elcafedepipa.com\/index.php\/2024\/09\/02\/almenara-celebra-la-junta-local-de-seguretat-per-preparar-les-festes-patronals-i-la-campanya-de-citrics\/\" aria-label=\"M\u00e9s informaci\u00f3 sobre Almenara celebra la Junta Local de Seguretat per preparar les Festes Patronals i la campanya de c\u00edtrics\">Read more<\/a><\/p>\n","protected":false},"author":2,"featured_media":4878,"comment_status":"closed","ping_status":"closed","sticky":false,"template":"","format":"standard","meta":{"om_disable_all_campaigns":false,"_monsterinsights_skip_tracking":false,"_monsterinsights_sitenote_active":false,"_monsterinsights_sitenote_note":"","_monsterinsights_sitenote_category":0,"_uf_show_specific_survey":0,"_uf_disable_surveys":false,"footnotes":""},"categories":[1],"tags":[],"class_list":["post-4877","post","type-post","status-publish","format-standard","has-post-thumbnail","hentry","category-non-classe"],"_links":{"self":[{"href":"https:\/\/elcafedepipa.com\/index.php\/wp-json\/wp\/v2\/posts\/4877","targetHints":{"allow":["GET"]}}],"collection":[{"href":"https:\/\/elcafedepipa.com\/index.php\/wp-json\/wp\/v2\/posts"}],"about":[{"href":"https:\/\/elcafedepipa.com\/index.php\/wp-json\/wp\/v2\/types\/post"}],"author":[{"embeddable":true,"href":"https:\/\/elcafedepipa.com\/index.php\/wp-json\/wp\/v2\/users\/2"}],"replies":[{"embeddable":true,"href":"https:\/\/elcafedepipa.com\/index.php\/wp-json\/wp\/v2\/comments?post=4877"}],"version-history":[{"count":0,"href":"https:\/\/elcafedepipa.com\/index.php\/wp-json\/wp\/v2\/posts\/4877\/revisions"}],"wp:featuredmedia":[{"embeddable":true,"href":"https:\/\/elcafedepipa.com\/index.php\/wp-json\/wp\/v2\/media\/4878"}],"wp:attachment":[{"href":"https:\/\/elcafedepipa.com\/index.php\/wp-json\/wp\/v2\/media?parent=4877"}],"wp:term":[{"taxonomy":"category","embeddable":true,"href":"https:\/\/elcafedepipa.com\/index.php\/wp-json\/wp\/v2\/categories?post=4877"},{"taxonomy":"post_tag","embeddable":true,"href":"https:\/\/elcafedepipa.com\/index.php\/wp-json\/wp\/v2\/tags?post=4877"}],"curies":[{"name":"wp","href":"https:\/\/api.w.org\/{rel}","templated":true}]}}