{"id":4853,"date":"2024-08-31T17:00:42","date_gmt":"2024-08-31T15:00:42","guid":{"rendered":"https:\/\/elcafedepipa.com\/?p=4853"},"modified":"2024-08-30T17:01:02","modified_gmt":"2024-08-30T15:01:02","slug":"nieves-martinez-celebra-lincrement-de-places-mir-en-salut-mental-i-critica-la-falta-de-rigor-de-loposicio","status":"publish","type":"post","link":"https:\/\/elcafedepipa.com\/index.php\/2024\/08\/31\/nieves-martinez-celebra-lincrement-de-places-mir-en-salut-mental-i-critica-la-falta-de-rigor-de-loposicio\/","title":{"rendered":"Nieves\u00a0Mart\u00ednez celebra l&#8217;increment de places MIR en Salut Mental i critica la falta de rigor de l&#8217;oposici\u00f3"},"content":{"rendered":"\n<p><strong>La diputada celebra l&#8217;increment del 18% en l&#8217;oferta de places per a la formaci\u00f3 d&#8217;especialistes en Salut Mental, que ascendeix a un total de 78 places<\/strong><\/p>\n\n\n\n<p>La portaveu adjunta del Grup Popular en les Corts i portaveu de Sanitat,&nbsp;Nieves&nbsp;Mart\u00ednez, ha&nbsp;posat en valor&nbsp;la gesti\u00f3 de la Conselleria de Sanitat per planificar la sol\u00b7licitud de places MIR i altres especialitats basant-se en criteris t\u00e8cnics i no ideol\u00f2gics. Mart\u00ednez ha celebrat l&#8217;augment del 18% en l&#8217;oferta de places per a la formaci\u00f3 d&#8217;especialistes en Salut Mental, amb un total de 78 places, destacant que aix\u00f2 suposa 12 noves places per a Psiquiatria, Psiquiatria Infantil i Juvenil, Psicologia Cl\u00ednica i Infermeria de Salut Mental.<\/p>\n\n\n\n<p>Amb aquest augment, la Comunitat Valenciana es posiciona com la tercera autonomia amb m\u00e9s creixement en l&#8217;oferta de formaci\u00f3 especialitzada. Segons Mart\u00ednez, aquest resultat contrasta amb &#8220;la hipocresia de l&#8217;oposici\u00f3&#8221;, a qui ha acusat d&#8217;intentar enganyar la ciutadania malgrat haver tingut responsabilitats recents en el departament.<\/p>\n\n\n\n<p>La diputada ha lamentat les cr\u00edtiques de l&#8217;oposici\u00f3 al descens en la convocat\u00f2ria de places per a residents de matrones, assegurant que aquest ajust respon a criteris t\u00e8cnics per adaptar la formaci\u00f3 a la disminuci\u00f3 de la natalitat. Mart\u00ednez ha explicat que la Conselleria ha realitzat una planificaci\u00f3 rigorosa per garantir que les residents compleixen els requisits necessaris per a la seua titulaci\u00f3.<\/p>\n\n\n\n<p>Finalment, Mart\u00ednez ha instat l&#8217;oposici\u00f3 a deixar de banda les ideologies i a col\u00b7laborar en la millora de la Sanitat, demanant al Govern una major flexibilitat en els criteris d&#8217;adjudicaci\u00f3 de les unitats docents, cosa que, segons ella, permetria augmentar l&#8217;oferta de places MIR i pal\u00b7liar el d\u00e8ficit estructural de professionals en el Sistema Nacional de Salut.<\/p>\n","protected":false},"excerpt":{"rendered":"<p>La diputada celebra l&#8217;increment del 18% en l&#8217;oferta de places per a la formaci\u00f3 d&#8217;especialistes en Salut Mental, que ascendeix a un total de 78 places La portaveu adjunta del Grup Popular en les Corts i portaveu de Sanitat,&nbsp;Nieves&nbsp;Mart\u00ednez, ha&nbsp;posat en valor&nbsp;la gesti\u00f3 de la Conselleria de Sanitat per planificar la sol\u00b7licitud de places MIR &#8230; <a title=\"Nieves\u00a0Mart\u00ednez celebra l&#8217;increment de places MIR en Salut Mental i critica la falta de rigor de l&#8217;oposici\u00f3\" class=\"read-more\" href=\"https:\/\/elcafedepipa.com\/index.php\/2024\/08\/31\/nieves-martinez-celebra-lincrement-de-places-mir-en-salut-mental-i-critica-la-falta-de-rigor-de-loposicio\/\" aria-label=\"M\u00e9s informaci\u00f3 sobre Nieves\u00a0Mart\u00ednez celebra l&#8217;increment de places MIR en Salut Mental i critica la falta de rigor de l&#8217;oposici\u00f3\">Read more<\/a><\/p>\n","protected":false},"author":2,"featured_media":0,"comment_status":"closed","ping_status":"closed","sticky":false,"template":"","format":"standard","meta":{"om_disable_all_campaigns":false,"_monsterinsights_skip_tracking":false,"_monsterinsights_sitenote_active":false,"_monsterinsights_sitenote_note":"","_monsterinsights_sitenote_category":0,"_uf_show_specific_survey":0,"_uf_disable_surveys":false,"footnotes":""},"categories":[11],"tags":[],"class_list":["post-4853","post","type-post","status-publish","format-standard","hentry","category-comunitatvalenciana"],"_links":{"self":[{"href":"https:\/\/elcafedepipa.com\/index.php\/wp-json\/wp\/v2\/posts\/4853","targetHints":{"allow":["GET"]}}],"collection":[{"href":"https:\/\/elcafedepipa.com\/index.php\/wp-json\/wp\/v2\/posts"}],"about":[{"href":"https:\/\/elcafedepipa.com\/index.php\/wp-json\/wp\/v2\/types\/post"}],"author":[{"embeddable":true,"href":"https:\/\/elcafedepipa.com\/index.php\/wp-json\/wp\/v2\/users\/2"}],"replies":[{"embeddable":true,"href":"https:\/\/elcafedepipa.com\/index.php\/wp-json\/wp\/v2\/comments?post=4853"}],"version-history":[{"count":0,"href":"https:\/\/elcafedepipa.com\/index.php\/wp-json\/wp\/v2\/posts\/4853\/revisions"}],"wp:attachment":[{"href":"https:\/\/elcafedepipa.com\/index.php\/wp-json\/wp\/v2\/media?parent=4853"}],"wp:term":[{"taxonomy":"category","embeddable":true,"href":"https:\/\/elcafedepipa.com\/index.php\/wp-json\/wp\/v2\/categories?post=4853"},{"taxonomy":"post_tag","embeddable":true,"href":"https:\/\/elcafedepipa.com\/index.php\/wp-json\/wp\/v2\/tags?post=4853"}],"curies":[{"name":"wp","href":"https:\/\/api.w.org\/{rel}","templated":true}]}}