{"id":4833,"date":"2024-08-30T13:41:19","date_gmt":"2024-08-30T11:41:19","guid":{"rendered":"https:\/\/elcafedepipa.com\/?p=4833"},"modified":"2024-08-30T13:41:20","modified_gmt":"2024-08-30T11:41:20","slug":"podcast-marc-seguer-valora-molt-positivament-lacollida-dels-jocs-daigua-de-la-placa-del-parc","status":"publish","type":"post","link":"https:\/\/elcafedepipa.com\/index.php\/2024\/08\/30\/podcast-marc-seguer-valora-molt-positivament-lacollida-dels-jocs-daigua-de-la-placa-del-parc\/","title":{"rendered":"Podcast | Marc Seguer valora molt positivament l&#8217;acollida dels jocs d&#8217;aigua de la pla\u00e7a del Parc"},"content":{"rendered":"\n<p><strong>\u00c0UDIO | <\/strong>Tanquem setmana amb el regidor de Medi Ambient i Transici\u00f3 Ecol\u00f2gica, Marc Seguer, qui s&#8217;ha mostrat molt satisfet amb l&#8217;acollida que han tingut els jocs d&#8217;aigua ubicats a la pla\u00e7a del Parc, i nomenava la possible necessitat d&#8217;instal\u00b7lar elements similars en algun altre punt de la ciutat. Ens parla tamb\u00e9 de les tasques que s&#8217;estan fent a l&#8217;atur agrari, entre altres.<\/p>\n\n\n\n<figure class=\"wp-block-audio\"><audio controls src=\"https:\/\/elcafedepipa.com\/wp-content\/uploads\/2024\/08\/marc30ag.mp3\"><\/audio><\/figure>\n","protected":false},"excerpt":{"rendered":"<p>\u00c0UDIO | Tanquem setmana amb el regidor de Medi Ambient i Transici\u00f3 Ecol\u00f2gica, Marc Seguer, qui s&#8217;ha mostrat molt satisfet amb l&#8217;acollida que han tingut els jocs d&#8217;aigua ubicats a la pla\u00e7a del Parc, i nomenava la possible necessitat d&#8217;instal\u00b7lar elements similars en algun altre punt de la ciutat. Ens parla tamb\u00e9 de les tasques &#8230; <a title=\"Podcast | Marc Seguer valora molt positivament l&#8217;acollida dels jocs d&#8217;aigua de la pla\u00e7a del Parc\" class=\"read-more\" href=\"https:\/\/elcafedepipa.com\/index.php\/2024\/08\/30\/podcast-marc-seguer-valora-molt-positivament-lacollida-dels-jocs-daigua-de-la-placa-del-parc\/\" aria-label=\"M\u00e9s informaci\u00f3 sobre Podcast | Marc Seguer valora molt positivament l&#8217;acollida dels jocs d&#8217;aigua de la pla\u00e7a del Parc\">Read more<\/a><\/p>\n","protected":false},"author":2,"featured_media":0,"comment_status":"closed","ping_status":"closed","sticky":false,"template":"","format":"standard","meta":{"om_disable_all_campaigns":false,"_monsterinsights_skip_tracking":false,"_monsterinsights_sitenote_active":false,"_monsterinsights_sitenote_note":"","_monsterinsights_sitenote_category":0,"_uf_show_specific_survey":0,"_uf_disable_surveys":false,"footnotes":""},"categories":[2],"tags":[],"class_list":["post-4833","post","type-post","status-publish","format-standard","hentry","category-lavallduixo"],"_links":{"self":[{"href":"https:\/\/elcafedepipa.com\/index.php\/wp-json\/wp\/v2\/posts\/4833","targetHints":{"allow":["GET"]}}],"collection":[{"href":"https:\/\/elcafedepipa.com\/index.php\/wp-json\/wp\/v2\/posts"}],"about":[{"href":"https:\/\/elcafedepipa.com\/index.php\/wp-json\/wp\/v2\/types\/post"}],"author":[{"embeddable":true,"href":"https:\/\/elcafedepipa.com\/index.php\/wp-json\/wp\/v2\/users\/2"}],"replies":[{"embeddable":true,"href":"https:\/\/elcafedepipa.com\/index.php\/wp-json\/wp\/v2\/comments?post=4833"}],"version-history":[{"count":0,"href":"https:\/\/elcafedepipa.com\/index.php\/wp-json\/wp\/v2\/posts\/4833\/revisions"}],"wp:attachment":[{"href":"https:\/\/elcafedepipa.com\/index.php\/wp-json\/wp\/v2\/media?parent=4833"}],"wp:term":[{"taxonomy":"category","embeddable":true,"href":"https:\/\/elcafedepipa.com\/index.php\/wp-json\/wp\/v2\/categories?post=4833"},{"taxonomy":"post_tag","embeddable":true,"href":"https:\/\/elcafedepipa.com\/index.php\/wp-json\/wp\/v2\/tags?post=4833"}],"curies":[{"name":"wp","href":"https:\/\/api.w.org\/{rel}","templated":true}]}}