{"id":4819,"date":"2024-09-01T13:00:00","date_gmt":"2024-09-01T11:00:00","guid":{"rendered":"https:\/\/elcafedepipa.com\/?p=4819"},"modified":"2024-08-30T12:40:47","modified_gmt":"2024-08-30T10:40:47","slug":"educacio-avanca-ladjudicacio-de-vacants-docents-per-a-linici-del-curs-2024-2025","status":"publish","type":"post","link":"https:\/\/elcafedepipa.com\/index.php\/2024\/09\/01\/educacio-avanca-ladjudicacio-de-vacants-docents-per-a-linici-del-curs-2024-2025\/","title":{"rendered":"Educaci\u00f3 avan\u00e7a l\u2019adjudicaci\u00f3 de vacants docents per a l&#8217;inici del curs 2024-2025"},"content":{"rendered":"\n<p><strong>La directora general de Personal Docent assenyala que \u201csempre hi ha hagut adjudicacions el mes de setembre\u201d i recorda que al juliol es van adjudicar 18.634\u00a0vacants<\/strong><\/p>\n\n\n\n<p>La Conselleria d&#8217;Educaci\u00f3, Cultura, Universitats i Ocupaci\u00f3 ha avan\u00e7at l\u2019adjudicaci\u00f3 de vacants docents al mes de setembre respecte a anys anteriors, amb l&#8217;objectiu de facilitar la incorporaci\u00f3 del professorat a l&#8217;inici del curs escolar. La directora general de Personal Docent,&nbsp;Sonia&nbsp;Sancho, ha anunciat que el passat dijous es va publicar&nbsp;a la web de la Conselleria la convocat\u00f2ria per a l\u2019adjudicaci\u00f3 telem\u00e0tica de vacants per a funcionaris interins del cos de mestres, professors d&#8217;ensenyament secundari i altres cossos per al curs 2024-2025.<\/p>\n\n\n\n<p>Sancho&nbsp;ha explicat que enguany les adjudicacions es realitzaran els dies 3 i 6 de setembre per a cobrir baixes, permisos o jubilacions, avan\u00e7ant-se a les dates d&#8217;anys anteriors. &#8220;En el curs 23\/24,&nbsp;aquestes&nbsp;adjudicacions van comen\u00e7ar el 7 de setembre, i en el curs 22\/23 es van realitzar entre el 6 i el 12 de setembre amb l&#8217;anterior govern valenci\u00e0&#8221;, ha recordat&nbsp;Sancho.&nbsp;Aquest&nbsp;avan\u00e7ament \u00e9s el resultat d\u2019un esfor\u00e7 de la Conselleria per analitzar les vacants&nbsp;al m\u00e9s prompte possible, com ja es va fer al juliol quan tamb\u00e9 es van avan\u00e7ar les adjudicacions respecte a altres anys.<\/p>\n\n\n\n<p>La directora general ha destacat que el proc\u00e9s d\u2019adjudicaci\u00f3 \u00e9s complex i&nbsp;requerix&nbsp;una coordinaci\u00f3 detallada amb els serveis de personal de les direccions territorials de les tres prov\u00edncies per assegurar la precisi\u00f3 en les vacants oferides. Al juliol es van oferir 18.634 vacants pures per garantir els drets dels docents, i al setembre s\u2019oferixen&nbsp;els llocs parcials, que poden convertir-se en vacants completes, millorant aix\u00ed les opcions per als participants en les adjudicacions.<\/p>\n\n\n\n<p>Sancho&nbsp;ha subratllat que el proc\u00e9s d\u2019adjudicacions ha transcorregut amb \u00e8xit i ha ressaltat la transpar\u00e8ncia en l\u2019adjudicaci\u00f3 de vacants enguany, responent a les cr\u00edtiques del sindicat CCOO sobre canvis puntuals en algunes places. &#8220;Aquests&nbsp;canvis es deuen a recursos presentats que han sigut estimats favorablement&#8221;, ha aclarit, assegurant que s\u2019ha actuat amb total transpar\u00e8ncia i garantint els drets dels aspirants. A m\u00e9s, ha assenyalat que els canvis representen nom\u00e9s un 0,2% de les 18.634 vacants oferides al juliol, un percentatge m\u00ednim.<\/p>\n\n\n\n<p>Finalment, la Conselleria ha llan\u00e7at un missatge de tranquil\u00b7litat assegurant que s&#8217;est\u00e0 treballant perqu\u00e8 l&#8217;inici del curs transc\u00f3rrega sense incid\u00e8ncies a la Comunitat Valenciana, amb m\u00e9s transpar\u00e8ncia i agilitat que mai en l\u2019adjudicaci\u00f3 de places docents.<\/p>\n","protected":false},"excerpt":{"rendered":"<p>La directora general de Personal Docent assenyala que \u201csempre hi ha hagut adjudicacions el mes de setembre\u201d i recorda que al juliol es van adjudicar 18.634\u00a0vacants La Conselleria d&#8217;Educaci\u00f3, Cultura, Universitats i Ocupaci\u00f3 ha avan\u00e7at l\u2019adjudicaci\u00f3 de vacants docents al mes de setembre respecte a anys anteriors, amb l&#8217;objectiu de facilitar la incorporaci\u00f3 del professorat &#8230; <a title=\"Educaci\u00f3 avan\u00e7a l\u2019adjudicaci\u00f3 de vacants docents per a l&#8217;inici del curs 2024-2025\" class=\"read-more\" href=\"https:\/\/elcafedepipa.com\/index.php\/2024\/09\/01\/educacio-avanca-ladjudicacio-de-vacants-docents-per-a-linici-del-curs-2024-2025\/\" aria-label=\"M\u00e9s informaci\u00f3 sobre Educaci\u00f3 avan\u00e7a l\u2019adjudicaci\u00f3 de vacants docents per a l&#8217;inici del curs 2024-2025\">Read more<\/a><\/p>\n","protected":false},"author":2,"featured_media":0,"comment_status":"closed","ping_status":"closed","sticky":false,"template":"","format":"standard","meta":{"om_disable_all_campaigns":false,"_monsterinsights_skip_tracking":false,"_monsterinsights_sitenote_active":false,"_monsterinsights_sitenote_note":"","_monsterinsights_sitenote_category":0,"_uf_show_specific_survey":0,"_uf_disable_surveys":false,"footnotes":""},"categories":[1],"tags":[],"class_list":["post-4819","post","type-post","status-publish","format-standard","hentry","category-non-classe"],"_links":{"self":[{"href":"https:\/\/elcafedepipa.com\/index.php\/wp-json\/wp\/v2\/posts\/4819","targetHints":{"allow":["GET"]}}],"collection":[{"href":"https:\/\/elcafedepipa.com\/index.php\/wp-json\/wp\/v2\/posts"}],"about":[{"href":"https:\/\/elcafedepipa.com\/index.php\/wp-json\/wp\/v2\/types\/post"}],"author":[{"embeddable":true,"href":"https:\/\/elcafedepipa.com\/index.php\/wp-json\/wp\/v2\/users\/2"}],"replies":[{"embeddable":true,"href":"https:\/\/elcafedepipa.com\/index.php\/wp-json\/wp\/v2\/comments?post=4819"}],"version-history":[{"count":0,"href":"https:\/\/elcafedepipa.com\/index.php\/wp-json\/wp\/v2\/posts\/4819\/revisions"}],"wp:attachment":[{"href":"https:\/\/elcafedepipa.com\/index.php\/wp-json\/wp\/v2\/media?parent=4819"}],"wp:term":[{"taxonomy":"category","embeddable":true,"href":"https:\/\/elcafedepipa.com\/index.php\/wp-json\/wp\/v2\/categories?post=4819"},{"taxonomy":"post_tag","embeddable":true,"href":"https:\/\/elcafedepipa.com\/index.php\/wp-json\/wp\/v2\/tags?post=4819"}],"curies":[{"name":"wp","href":"https:\/\/api.w.org\/{rel}","templated":true}]}}