{"id":4753,"date":"2024-08-28T13:31:39","date_gmt":"2024-08-28T11:31:39","guid":{"rendered":"https:\/\/elcafedepipa.com\/?p=4753"},"modified":"2024-08-28T13:31:41","modified_gmt":"2024-08-28T11:31:41","slug":"el-gpp-acusa-el-botanic-de-falta-de-credibilitat-en-politica-dhabitatge-despres-de-deixar-sense-ajudes-quasi-el-80-dels-joves-en-2022","status":"publish","type":"post","link":"https:\/\/elcafedepipa.com\/index.php\/2024\/08\/28\/el-gpp-acusa-el-botanic-de-falta-de-credibilitat-en-politica-dhabitatge-despres-de-deixar-sense-ajudes-quasi-el-80-dels-joves-en-2022\/","title":{"rendered":"El GPP acusa el Bot\u00e0nic de falta de credibilitat en pol\u00edtica d&#8217;habitatge despr\u00e9s de deixar sense ajudes quasi el 80% dels joves en 2022"},"content":{"rendered":"\n<p><strong>\u201cM\u00e9s de 5.000 joves menors de 35 anys podran accedir a aquesta ajuda, un 44% m\u00e9s que en la convocat\u00f2ria anterior\u201d<\/strong><\/p>\n\n\n\n<p>El portaveu d&#8217;Habitatge del Grup Parlamentari Popular (GPP) en&nbsp;Les Corts,&nbsp;Nando&nbsp;Pastor, ha criticat durament el Bot\u00e0nic, afirmant que &#8220;no t\u00e9 credibilitat ni autoritat per a parlar d&#8217;habitatge en la Comunitat Valenciana&#8221; despr\u00e9s que quasi el 80% dels joves quedaren sense ajudes al lloguer en 2022. Pastor tamb\u00e9 ha assenyalat a la portaveu adjunta del PSPV-PSOE en&nbsp;Les Corts, Mar\u00eda Jos\u00e9 Salvador,&nbsp;suggerint&nbsp;que no pot donar lli\u00e7ons despr\u00e9s de &#8220;la gran destrossa&#8221; del Consell anterior en&nbsp;aquesta&nbsp;mat\u00e8ria durant vuit anys.<\/p>\n\n\n\n<p>En contrast, Pastor ha destacat l&#8217;esfor\u00e7 del Consell de Carlos Maz\u00f3n per a facilitar l&#8217;acc\u00e9s a l&#8217;habitatge als joves, assenyalant que s&#8217;han destinat 32 milions d&#8217;euros en la nova convocat\u00f2ria del&nbsp;Bo Lloguer&nbsp;Jove, enfront dels 22,8 milions del Bot\u00e0nic en la convocat\u00f2ria anterior. Segons Pastor, m\u00e9s de 5.000 joves menors de&nbsp;35&nbsp;anys podran accedir a&nbsp;aquesta&nbsp;ajuda, la qual cosa suposa un 44% m\u00e9s que en la convocat\u00f2ria anterior, on el Bot\u00e0nic va concedir menys de 4.000 ajudes i va deixar fora 16.716 joves que complien tots els requisits.<\/p>\n\n\n\n<p>Pastor ha criticat el PSPV-PSOE per posicionar-se com a defensors de l&#8217;habitatge, recordant que en 2022 el 78% de les sol\u00b7licituds de lloguer jove van ser denegades pel Consell de Puig. A m\u00e9s, ha assenyalat que el per\u00edode del Bot\u00e0nic va ser &#8220;el m\u00e9s gris i complex&#8221; per a l&#8217;acc\u00e9s a l&#8217;habitatge, caracteritzat per un augment dels preus de lloguer i compra, un major nivell d&#8217;okupaci\u00f3 d&#8217;habitatge p\u00fablic, i una nul\u00b7la promoci\u00f3 de construcci\u00f3 d&#8217;habitatges p\u00fablics.<\/p>\n\n\n\n<p>El diputat popular tamb\u00e9 ha acusat els socialistes de tergiversar les dades i d&#8217;oferir informaci\u00f3 falsa sobre els valencians que&nbsp;accedeixen&nbsp;a les ajudes d&#8217;habitatge, suggerint que confonen el nombre de beneficiaris reals amb aquells que no les reben. Pastor ha instat el PSPV a retractar-se de les seues declaracions recents i ha subratllat que &#8220;no \u00e9s bo mentir als valencians en un tema tan sensible com el de les ajudes al lloguer d&#8217;habitatge&#8221;.<\/p>\n\n\n\n<p>Finalment, Pastor ha ressaltat que &#8220;el govern del canvi&#8221; ha destinat m\u00e9s de 31 milions d&#8217;euros a&nbsp;aquest&nbsp;programa, en comparaci\u00f3 amb els 22,8 milions del Bot\u00e0nic, i que el Consell de Carlos Maz\u00f3n va incrementar els fons amb 9,2 milions d&#8217;euros addicionals de recursos propis.<strong><br><\/strong><\/p>\n","protected":false},"excerpt":{"rendered":"<p>\u201cM\u00e9s de 5.000 joves menors de 35 anys podran accedir a aquesta ajuda, un 44% m\u00e9s que en la convocat\u00f2ria anterior\u201d El portaveu d&#8217;Habitatge del Grup Parlamentari Popular (GPP) en&nbsp;Les Corts,&nbsp;Nando&nbsp;Pastor, ha criticat durament el Bot\u00e0nic, afirmant que &#8220;no t\u00e9 credibilitat ni autoritat per a parlar d&#8217;habitatge en la Comunitat Valenciana&#8221; despr\u00e9s que quasi el &#8230; <a title=\"El GPP acusa el Bot\u00e0nic de falta de credibilitat en pol\u00edtica d&#8217;habitatge despr\u00e9s de deixar sense ajudes quasi el 80% dels joves en 2022\" class=\"read-more\" href=\"https:\/\/elcafedepipa.com\/index.php\/2024\/08\/28\/el-gpp-acusa-el-botanic-de-falta-de-credibilitat-en-politica-dhabitatge-despres-de-deixar-sense-ajudes-quasi-el-80-dels-joves-en-2022\/\" aria-label=\"M\u00e9s informaci\u00f3 sobre El GPP acusa el Bot\u00e0nic de falta de credibilitat en pol\u00edtica d&#8217;habitatge despr\u00e9s de deixar sense ajudes quasi el 80% dels joves en 2022\">Read more<\/a><\/p>\n","protected":false},"author":2,"featured_media":0,"comment_status":"closed","ping_status":"closed","sticky":false,"template":"","format":"standard","meta":{"om_disable_all_campaigns":false,"_monsterinsights_skip_tracking":false,"_monsterinsights_sitenote_active":false,"_monsterinsights_sitenote_note":"","_monsterinsights_sitenote_category":0,"_uf_show_specific_survey":0,"_uf_disable_surveys":false,"footnotes":""},"categories":[11],"tags":[],"class_list":["post-4753","post","type-post","status-publish","format-standard","hentry","category-comunitatvalenciana"],"_links":{"self":[{"href":"https:\/\/elcafedepipa.com\/index.php\/wp-json\/wp\/v2\/posts\/4753","targetHints":{"allow":["GET"]}}],"collection":[{"href":"https:\/\/elcafedepipa.com\/index.php\/wp-json\/wp\/v2\/posts"}],"about":[{"href":"https:\/\/elcafedepipa.com\/index.php\/wp-json\/wp\/v2\/types\/post"}],"author":[{"embeddable":true,"href":"https:\/\/elcafedepipa.com\/index.php\/wp-json\/wp\/v2\/users\/2"}],"replies":[{"embeddable":true,"href":"https:\/\/elcafedepipa.com\/index.php\/wp-json\/wp\/v2\/comments?post=4753"}],"version-history":[{"count":0,"href":"https:\/\/elcafedepipa.com\/index.php\/wp-json\/wp\/v2\/posts\/4753\/revisions"}],"wp:attachment":[{"href":"https:\/\/elcafedepipa.com\/index.php\/wp-json\/wp\/v2\/media?parent=4753"}],"wp:term":[{"taxonomy":"category","embeddable":true,"href":"https:\/\/elcafedepipa.com\/index.php\/wp-json\/wp\/v2\/categories?post=4753"},{"taxonomy":"post_tag","embeddable":true,"href":"https:\/\/elcafedepipa.com\/index.php\/wp-json\/wp\/v2\/tags?post=4753"}],"curies":[{"name":"wp","href":"https:\/\/api.w.org\/{rel}","templated":true}]}}