{"id":4750,"date":"2024-08-28T13:27:33","date_gmt":"2024-08-28T11:27:33","guid":{"rendered":"https:\/\/elcafedepipa.com\/?p=4750"},"modified":"2024-08-28T13:27:35","modified_gmt":"2024-08-28T11:27:35","slug":"les-festes-patronals-dalmenara-destacaran-la-memoria-migrant-amb-dues-exposicions","status":"publish","type":"post","link":"https:\/\/elcafedepipa.com\/index.php\/2024\/08\/28\/les-festes-patronals-dalmenara-destacaran-la-memoria-migrant-amb-dues-exposicions\/","title":{"rendered":"Les festes patronals d&#8217;Almenara destacaran la mem\u00f2ria migrant amb dues exposicions"},"content":{"rendered":"\n<p><strong>La mostra \u201cQuan nosaltres \u00e9rem migrants\u201d arreplega fotografies i testimoniatges dels ve\u00efns i les ve\u00efnes que van arribar i es van establir en la localitat durant el franquisme<\/strong><\/p>\n\n\n\n<p>Les persones migrants seran el focus central de les exposicions organitzades per la regidoria de Mem\u00f2ria Democr\u00e0tica durant les festes patronals d&#8217;Almenara, que se celebraran el pr\u00f2xim mes de setembre. Les dues mostres, titulades \u201cQuan nosaltres \u00e9rem migrants\u201d i \u201cVinyetes migrants\u201d, buscaran destacar el fenomen migratori, tant&nbsp;a nivell local&nbsp;com global.<\/p>\n\n\n\n<p><strong>Quan nosaltres \u00e9rem migrants<\/strong><\/p>\n\n\n\n<p>L&#8217;exposici\u00f3 \u201cQuan nosaltres \u00e9rem migrants\u201d, comissariada per Lara Cardona Fern\u00e1ndez, es podr\u00e0 visitar al Museu del Mol\u00ed d\u2019Arr\u00f2s del 13 de setembre al 25 d&#8217;octubre. Hi haur\u00e0 diverses visites comentades,&nbsp;incloent-hi&nbsp;el dissabte 14 de setembre i altres dates fins a l&#8217;octubre.&nbsp;Aquesta&nbsp;mostra presenta una s\u00e8rie de fotografies i documents de persones que van arribar a Almenara durant els anys 40 i 50 procedents d&#8217;altres parts d&#8217;Espanya, contribuint al creixement de la poblaci\u00f3 i la creaci\u00f3 de nous barris. A m\u00e9s de les imatges, l&#8217;exposici\u00f3 inclour\u00e0 testimonis audiovisuals d&#8217;algunes d&#8217;aquestes&nbsp;persones migrants.<\/p>\n\n\n\n<p>Lara Cardona Fern\u00e1ndez ha explicat que la finalitat de l&#8217;exposici\u00f3 \u00e9s recordar que molts dels actuals ve\u00efns d&#8217;Almenara&nbsp;procedeixen&nbsp;d&#8217;altres parts del pa\u00eds, i que gr\u00e0cies a les migracions d&#8217;aquells anys de postguerra, moltes persones es van establir a Almenara. La mostra tamb\u00e9 busca recordar que, durant la postguerra i el franquisme, molts espanyols tamb\u00e9 van ser migrants en altres regions o pa\u00efsos, buscant millors condicions de vida.<\/p>\n\n\n\n<p>Aquesta&nbsp;exposici\u00f3 compta amb la col\u00b7laboraci\u00f3 dels ve\u00efns d&#8217;Almenara, que han proporcionat fotografies i testimonis personals per als audiovisuals realitzats per Andrea D\u00edaz.<\/p>\n\n\n\n<p><strong>Vinyetes Migrants: c\u00f2mic, migraci\u00f3 i mem\u00f2ria<\/strong><\/p>\n\n\n\n<p>La segona exposici\u00f3, \u201cVinyetes Migrants: c\u00f2mic, migraci\u00f3 i mem\u00f2ria\u201d, tindr\u00e0 lloc al Centre Municipal de Cultura del 12 de setembre al 18 d&#8217;octubre. La inauguraci\u00f3 inclour\u00e0 una visita comentada per Marc Ferri, antic responsable de l&#8217;Aula Did\u00e0ctica de la Di\u00e0spora Mediterr\u00e0nia sobre Migracions i Drets Humans.<\/p>\n\n\n\n<p>Aquesta&nbsp;mostra es&nbsp;divideix&nbsp;en tres seccions: l&#8217;exili, el trauma a l&#8217;underground i les migracions globals. Utilitza les vinyetes del c\u00f2mic per a explorar la hist\u00f2ria recent d&#8217;Espanya, des de la postguerra i el franquisme fins a l&#8217;actualitat, oferint una perspectiva \u00fanica sobre les experi\u00e8ncies migrat\u00f2ries a trav\u00e9s de l&#8217;art i la narrativa visual.<\/p>\n\n\n\n<p>Amb&nbsp;aquestes&nbsp;exposicions, les festes patronals d&#8217;Almenara busquen homenatjar la mem\u00f2ria migrat\u00f2ria i fomentar la reflexi\u00f3 sobre les experi\u00e8ncies de despla\u00e7ament i la construcci\u00f3 de comunitats diverses.<\/p>\n","protected":false},"excerpt":{"rendered":"<p>La mostra \u201cQuan nosaltres \u00e9rem migrants\u201d arreplega fotografies i testimoniatges dels ve\u00efns i les ve\u00efnes que van arribar i es van establir en la localitat durant el franquisme Les persones migrants seran el focus central de les exposicions organitzades per la regidoria de Mem\u00f2ria Democr\u00e0tica durant les festes patronals d&#8217;Almenara, que se celebraran el pr\u00f2xim &#8230; <a title=\"Les festes patronals d&#8217;Almenara destacaran la mem\u00f2ria migrant amb dues exposicions\" class=\"read-more\" href=\"https:\/\/elcafedepipa.com\/index.php\/2024\/08\/28\/les-festes-patronals-dalmenara-destacaran-la-memoria-migrant-amb-dues-exposicions\/\" aria-label=\"M\u00e9s informaci\u00f3 sobre Les festes patronals d&#8217;Almenara destacaran la mem\u00f2ria migrant amb dues exposicions\">Read more<\/a><\/p>\n","protected":false},"author":2,"featured_media":0,"comment_status":"closed","ping_status":"closed","sticky":false,"template":"","format":"standard","meta":{"om_disable_all_campaigns":false,"_monsterinsights_skip_tracking":false,"_monsterinsights_sitenote_active":false,"_monsterinsights_sitenote_note":"","_monsterinsights_sitenote_category":0,"_uf_show_specific_survey":0,"_uf_disable_surveys":false,"footnotes":""},"categories":[5],"tags":[],"class_list":["post-4750","post","type-post","status-publish","format-standard","hentry","category-almenara"],"_links":{"self":[{"href":"https:\/\/elcafedepipa.com\/index.php\/wp-json\/wp\/v2\/posts\/4750","targetHints":{"allow":["GET"]}}],"collection":[{"href":"https:\/\/elcafedepipa.com\/index.php\/wp-json\/wp\/v2\/posts"}],"about":[{"href":"https:\/\/elcafedepipa.com\/index.php\/wp-json\/wp\/v2\/types\/post"}],"author":[{"embeddable":true,"href":"https:\/\/elcafedepipa.com\/index.php\/wp-json\/wp\/v2\/users\/2"}],"replies":[{"embeddable":true,"href":"https:\/\/elcafedepipa.com\/index.php\/wp-json\/wp\/v2\/comments?post=4750"}],"version-history":[{"count":0,"href":"https:\/\/elcafedepipa.com\/index.php\/wp-json\/wp\/v2\/posts\/4750\/revisions"}],"wp:attachment":[{"href":"https:\/\/elcafedepipa.com\/index.php\/wp-json\/wp\/v2\/media?parent=4750"}],"wp:term":[{"taxonomy":"category","embeddable":true,"href":"https:\/\/elcafedepipa.com\/index.php\/wp-json\/wp\/v2\/categories?post=4750"},{"taxonomy":"post_tag","embeddable":true,"href":"https:\/\/elcafedepipa.com\/index.php\/wp-json\/wp\/v2\/tags?post=4750"}],"curies":[{"name":"wp","href":"https:\/\/api.w.org\/{rel}","templated":true}]}}