{"id":4730,"date":"2024-08-28T10:37:35","date_gmt":"2024-08-28T08:37:35","guid":{"rendered":"https:\/\/elcafedepipa.com\/?p=4730"},"modified":"2024-08-28T10:37:37","modified_gmt":"2024-08-28T08:37:37","slug":"la-diputacio-de-castello-signa-un-conveni-amb-apaval-per-a-preservar-el-parany-i-financar-proves-cientifiques","status":"publish","type":"post","link":"https:\/\/elcafedepipa.com\/index.php\/2024\/08\/28\/la-diputacio-de-castello-signa-un-conveni-amb-apaval-per-a-preservar-el-parany-i-financar-proves-cientifiques\/","title":{"rendered":"La Diputaci\u00f3 de Castell\u00f3 signa un conveni amb\u00a0Apaval\u00a0per a preservar el \u2018parany\u2019 i finan\u00e7ar proves cient\u00edfiques"},"content":{"rendered":"\n<p><strong>La presidenta de la Diputaci\u00f3 mostra el comprom\u00eds de la instituci\u00f3 provincial en la defensa al sector cineg\u00e8tic amb una ajuda de 20.000 euros a l&#8217;Associaci\u00f3 de Paranyers de la Comunitat Valenciana<\/strong><\/p>\n\n\n\n<p>La presidenta de la Diputaci\u00f3 Provincial de Castell\u00f3, Marta&nbsp;Barrachina, ha anunciat la signatura d&#8217;un conveni amb l&#8217;Associaci\u00f3 de Paranyers de la Comunitat Valenciana (Apaval) per a sufragar la realitzaci\u00f3 de proves cient\u00edfiques amb la cistella malla, amb l&#8217;objectiu de preservar la pr\u00e0ctica del \u2018parany\u2019.&nbsp;Aquesta&nbsp;iniciativa suposar\u00e0 una inversi\u00f3 de 20.000 euros per part de la instituci\u00f3 provincial, en un esfor\u00e7 per compatibilitzar&nbsp;aquesta&nbsp;modalitat de ca\u00e7a amb la conservaci\u00f3 de les esp\u00e8cies.<\/p>\n\n\n\n<p>Marta&nbsp;Barrachina&nbsp;ha reiterat el comprom\u00eds de la Diputaci\u00f3 de Castell\u00f3 amb el sector cineg\u00e8tic, destacant que \u201cigual que en les reunions mantingudes amb&nbsp;Apaval&nbsp;fa un any, continuem treballant per a potenciar la ca\u00e7a, ja que \u00e9s clau per a la conservaci\u00f3 del territori i del medi ambient\u201d. La presidenta ha posat \u00e8mfasi en la necessitat d&#8217;articular la regulaci\u00f3 necess\u00e0ria per a recuperar el \u2018parany\u2019, una de les senyes d&#8217;identitat de la prov\u00edncia.<\/p>\n\n\n\n<p>Des del comen\u00e7ament de la legislatura, la defensa del sector cineg\u00e8tic ha sigut una prioritat clara per a la Diputaci\u00f3, que ha creat una \u00e0rea espec\u00edfica de Ca\u00e7a en el seu organigrama per a proporcionar un major suport institucional.&nbsp;Barrachina&nbsp;ha elogiat la tasca d\u2019Apaval&nbsp;en la preservaci\u00f3 del \u2018parany\u2019 i en la cerca de solucions compatibles amb els principis de conservaci\u00f3 de la fauna i la biodiversitat.<\/p>\n\n\n\n<p>A m\u00e9s, la presidenta ha assegurat que la Diputaci\u00f3 continuar\u00e0 defensant les tradicions locals, com la ca\u00e7a del \u2018parany\u2019, i treballar\u00e0 per a implementar la reglamentaci\u00f3 necess\u00e0ria que permeta la seua recuperaci\u00f3. \u201cContinuarem treballant perqu\u00e8 es regule el \u2018parany\u2019 de manera que siga compatible amb el respecte al medi ambient\u201d, ha afirmat&nbsp;Barrachina.<\/p>\n\n\n\n<p>Durant una reuni\u00f3 pr\u00e8via amb representants d\u2019Apaval&nbsp;i el diputat de Ca\u00e7a,&nbsp;Iv\u00e1n&nbsp;S\u00e1nchez, es va plantejar que, si els resultats de les proves amb la cistella malla s\u00f3n positius, la Diputaci\u00f3 impulsar\u00e0 una l\u00ednia d&#8217;ajudes per a facilitar la seua implantaci\u00f3 en els \u2018paranys\u2019. Aix\u00ed mateix, es preveu la firma d&#8217;un conveni singular amb&nbsp;Apaval&nbsp;per a la creaci\u00f3 de l&#8217;Escola Provincial del Parany, que organitzar\u00e0 cursos i jornades en diferents municipis.<\/p>\n\n\n\n<p>En el cas que els resultats de les proves no siguen satisfactoris, la Diputaci\u00f3 de Castell\u00f3 considera la creaci\u00f3 d&#8217;una c\u00e0tedra cient\u00edfica per a investigar la selectivitat del \u2018parany\u2019.&nbsp;Aquestes&nbsp;iniciatives busquen subvencionar estudis cient\u00edfics amb l&#8217;objectiu de trobar altres f\u00f3rmules que facen viable la recuperaci\u00f3 d&#8217;aquesta&nbsp;pr\u00e0ctica tradicional.<\/p>\n","protected":false},"excerpt":{"rendered":"<p>La presidenta de la Diputaci\u00f3 mostra el comprom\u00eds de la instituci\u00f3 provincial en la defensa al sector cineg\u00e8tic amb una ajuda de 20.000 euros a l&#8217;Associaci\u00f3 de Paranyers de la Comunitat Valenciana La presidenta de la Diputaci\u00f3 Provincial de Castell\u00f3, Marta&nbsp;Barrachina, ha anunciat la signatura d&#8217;un conveni amb l&#8217;Associaci\u00f3 de Paranyers de la Comunitat Valenciana &#8230; <a title=\"La Diputaci\u00f3 de Castell\u00f3 signa un conveni amb\u00a0Apaval\u00a0per a preservar el \u2018parany\u2019 i finan\u00e7ar proves cient\u00edfiques\" class=\"read-more\" href=\"https:\/\/elcafedepipa.com\/index.php\/2024\/08\/28\/la-diputacio-de-castello-signa-un-conveni-amb-apaval-per-a-preservar-el-parany-i-financar-proves-cientifiques\/\" aria-label=\"M\u00e9s informaci\u00f3 sobre La Diputaci\u00f3 de Castell\u00f3 signa un conveni amb\u00a0Apaval\u00a0per a preservar el \u2018parany\u2019 i finan\u00e7ar proves cient\u00edfiques\">Read more<\/a><\/p>\n","protected":false},"author":2,"featured_media":0,"comment_status":"closed","ping_status":"closed","sticky":false,"template":"","format":"standard","meta":{"om_disable_all_campaigns":false,"_monsterinsights_skip_tracking":false,"_monsterinsights_sitenote_active":false,"_monsterinsights_sitenote_note":"","_monsterinsights_sitenote_category":0,"_uf_show_specific_survey":0,"_uf_disable_surveys":false,"footnotes":""},"categories":[10],"tags":[],"class_list":["post-4730","post","type-post","status-publish","format-standard","hentry","category-provinciadecastello"],"_links":{"self":[{"href":"https:\/\/elcafedepipa.com\/index.php\/wp-json\/wp\/v2\/posts\/4730","targetHints":{"allow":["GET"]}}],"collection":[{"href":"https:\/\/elcafedepipa.com\/index.php\/wp-json\/wp\/v2\/posts"}],"about":[{"href":"https:\/\/elcafedepipa.com\/index.php\/wp-json\/wp\/v2\/types\/post"}],"author":[{"embeddable":true,"href":"https:\/\/elcafedepipa.com\/index.php\/wp-json\/wp\/v2\/users\/2"}],"replies":[{"embeddable":true,"href":"https:\/\/elcafedepipa.com\/index.php\/wp-json\/wp\/v2\/comments?post=4730"}],"version-history":[{"count":0,"href":"https:\/\/elcafedepipa.com\/index.php\/wp-json\/wp\/v2\/posts\/4730\/revisions"}],"wp:attachment":[{"href":"https:\/\/elcafedepipa.com\/index.php\/wp-json\/wp\/v2\/media?parent=4730"}],"wp:term":[{"taxonomy":"category","embeddable":true,"href":"https:\/\/elcafedepipa.com\/index.php\/wp-json\/wp\/v2\/categories?post=4730"},{"taxonomy":"post_tag","embeddable":true,"href":"https:\/\/elcafedepipa.com\/index.php\/wp-json\/wp\/v2\/tags?post=4730"}],"curies":[{"name":"wp","href":"https:\/\/api.w.org\/{rel}","templated":true}]}}