{"id":4727,"date":"2024-08-28T09:57:05","date_gmt":"2024-08-28T07:57:05","guid":{"rendered":"https:\/\/elcafedepipa.com\/?p=4727"},"modified":"2024-08-28T09:57:06","modified_gmt":"2024-08-28T07:57:06","slug":"la-diputacio-de-castello-porta-lescola-taurina-a-les-festes-patronals-de-lalcora","status":"publish","type":"post","link":"https:\/\/elcafedepipa.com\/index.php\/2024\/08\/28\/la-diputacio-de-castello-porta-lescola-taurina-a-les-festes-patronals-de-lalcora\/","title":{"rendered":"La Diputaci\u00f3 de Castell\u00f3 porta l&#8217;Escola Taurina a les festes patronals de l&#8217;Alcora"},"content":{"rendered":"\n<p><strong>Els alumnes de l&#8217;Escola Taurina de Castell\u00f3 Abel Rodr\u00edguez, Iker de Virgilio i Ian Bermejo oferiran una correguda de j\u00f2necs en classe pr\u00e0ctica divendres que ve 30 d&#8217;agost, a partir de les 17.00 hores, en la pla\u00e7a de bous port\u00e0til de l&#8217;Alcora<\/strong><\/p>\n\n\n\n<p>La Diputaci\u00f3 Provincial de Castell\u00f3 apropa l&#8217;activitat de l&#8217;Escola Taurina a les festes patronals de l&#8217;Alcora. En col\u00b7laboraci\u00f3 amb l&#8217;Ajuntament de la capital de l&#8217;Alcalat\u00e9n, la instituci\u00f3 provincial ha organitzat per a&nbsp;aquest&nbsp;divendres, 30 d&#8217;agost, una correguda de j\u00f2necs en classe pr\u00e0ctica, protagonitzada pels alumnes de l&#8217;Escola Taurina de Castell\u00f3, a la pla\u00e7a de bous port\u00e0til instal\u00b7lada en&nbsp;aquesta&nbsp;localitat.<\/p>\n\n\n\n<p>Aquesta&nbsp;activitat, que forma part de la programaci\u00f3 de les festes en honor al Crist, comptar\u00e0 amb la participaci\u00f3 d&#8217;Abel Rodr\u00edguez, Iker de&nbsp;Virgilio&nbsp;i Ian Bermejo. Els tres alumnes de l&#8217;Escola Taurina de Castell\u00f3 estaran acompanyats pel jove de&nbsp;Huesca, Amaro&nbsp;Lidoy, i torejaran a partir de les 17.00 hores vedells de la ramaderia La&nbsp;Cardenilla&nbsp;en una modalitat de classe pr\u00e0ctica.<\/p>\n\n\n\n<p>El diputat responsable de l&#8217;Escola Taurina, David&nbsp;Vicente, ha destacat la import\u00e0ncia d&#8217;aquestes&nbsp;activitats taurines, ja que \u201cpermeten als joves alumnes de l&#8217;escola mostrar els seus progressos davant el p\u00fablic\u201d. Segons el diputat, \u201cel talent dels joves castellonencs amb vocaci\u00f3 taurina es manifesta en cada pas de la seua evoluci\u00f3, apropant-los a convertir la seua vocaci\u00f3 en una professi\u00f3 en places de bous, no sols de Castell\u00f3, sin\u00f3 de tota Espanya\u201d.<\/p>\n\n\n\n<p>En&nbsp;aquest&nbsp;sentit,&nbsp;Vicente&nbsp;ha elogiat la gran tasca dels alumnes de l&#8217;escola, que treballen dia a dia per a fer realitat els seus somnis, i ha subratllat \u201cel suport i esfor\u00e7 de la Diputaci\u00f3 de Castell\u00f3 per a difondre la taurom\u00e0quia com a patrimoni cultural i fomentar l&#8217;afici\u00f3 entre els m\u00e9s joves\u201d.<\/p>\n\n\n\n<p>\u201cCastell\u00f3 \u00e9s una terra estretament vinculada a la celebraci\u00f3 de festejos taurins, presents en quasi totes les festes dels nostres pobles. Per aix\u00f2, des del govern provincial treballem per a preservar&nbsp;aquesta&nbsp;tradici\u00f3 en la nostra prov\u00edncia, de la m\u00e0 dels nostres joves alumnes de l&#8217;Escola Taurina, que ens fan gaudir de jornades taurines \u00faniques\u201d, ha afirmat el diputat.<\/p>\n\n\n\n<p>David&nbsp;Vicente&nbsp;ha convidat els alcorins i els castellonencs a assistir a&nbsp;aquesta&nbsp;jornada taurina per a gaudir en directe del talent local, destacant que Abel Rodr\u00edguez i Ian Bermejo, alumnes de l&#8217;Escola Taurina de Castell\u00f3, s\u00f3n ve\u00efns de l&#8217;Alcora. \u201cPer a ells, comptar amb una pla\u00e7a plena d&#8217;amics i familiars ser\u00e0 un plus de motivaci\u00f3\u201d, ha assegurat&nbsp;Vicente, recordant que l&#8217;entrada \u00e9s lliure i gratu\u00efta per a tota la poblaci\u00f3.<\/p>\n","protected":false},"excerpt":{"rendered":"<p>Els alumnes de l&#8217;Escola Taurina de Castell\u00f3 Abel Rodr\u00edguez, Iker de Virgilio i Ian Bermejo oferiran una correguda de j\u00f2necs en classe pr\u00e0ctica divendres que ve 30 d&#8217;agost, a partir de les 17.00 hores, en la pla\u00e7a de bous port\u00e0til de l&#8217;Alcora La Diputaci\u00f3 Provincial de Castell\u00f3 apropa l&#8217;activitat de l&#8217;Escola Taurina a les festes &#8230; <a title=\"La Diputaci\u00f3 de Castell\u00f3 porta l&#8217;Escola Taurina a les festes patronals de l&#8217;Alcora\" class=\"read-more\" href=\"https:\/\/elcafedepipa.com\/index.php\/2024\/08\/28\/la-diputacio-de-castello-porta-lescola-taurina-a-les-festes-patronals-de-lalcora\/\" aria-label=\"M\u00e9s informaci\u00f3 sobre La Diputaci\u00f3 de Castell\u00f3 porta l&#8217;Escola Taurina a les festes patronals de l&#8217;Alcora\">Read more<\/a><\/p>\n","protected":false},"author":2,"featured_media":0,"comment_status":"closed","ping_status":"closed","sticky":false,"template":"","format":"standard","meta":{"om_disable_all_campaigns":false,"_monsterinsights_skip_tracking":false,"_monsterinsights_sitenote_active":false,"_monsterinsights_sitenote_note":"","_monsterinsights_sitenote_category":0,"_uf_show_specific_survey":0,"_uf_disable_surveys":false,"footnotes":""},"categories":[10],"tags":[],"class_list":["post-4727","post","type-post","status-publish","format-standard","hentry","category-provinciadecastello"],"_links":{"self":[{"href":"https:\/\/elcafedepipa.com\/index.php\/wp-json\/wp\/v2\/posts\/4727","targetHints":{"allow":["GET"]}}],"collection":[{"href":"https:\/\/elcafedepipa.com\/index.php\/wp-json\/wp\/v2\/posts"}],"about":[{"href":"https:\/\/elcafedepipa.com\/index.php\/wp-json\/wp\/v2\/types\/post"}],"author":[{"embeddable":true,"href":"https:\/\/elcafedepipa.com\/index.php\/wp-json\/wp\/v2\/users\/2"}],"replies":[{"embeddable":true,"href":"https:\/\/elcafedepipa.com\/index.php\/wp-json\/wp\/v2\/comments?post=4727"}],"version-history":[{"count":0,"href":"https:\/\/elcafedepipa.com\/index.php\/wp-json\/wp\/v2\/posts\/4727\/revisions"}],"wp:attachment":[{"href":"https:\/\/elcafedepipa.com\/index.php\/wp-json\/wp\/v2\/media?parent=4727"}],"wp:term":[{"taxonomy":"category","embeddable":true,"href":"https:\/\/elcafedepipa.com\/index.php\/wp-json\/wp\/v2\/categories?post=4727"},{"taxonomy":"post_tag","embeddable":true,"href":"https:\/\/elcafedepipa.com\/index.php\/wp-json\/wp\/v2\/tags?post=4727"}],"curies":[{"name":"wp","href":"https:\/\/api.w.org\/{rel}","templated":true}]}}