{"id":4711,"date":"2024-08-27T13:52:28","date_gmt":"2024-08-27T11:52:28","guid":{"rendered":"https:\/\/elcafedepipa.com\/?p=4711"},"modified":"2024-08-27T13:52:29","modified_gmt":"2024-08-27T11:52:29","slug":"lajuntament-dalmenara-realitza-un-tractament-preventiu-a-la-biblioteca-municipal-joan-fuster-per-a-protegir-els-llibres-de-plagues","status":"publish","type":"post","link":"https:\/\/elcafedepipa.com\/index.php\/2024\/08\/27\/lajuntament-dalmenara-realitza-un-tractament-preventiu-a-la-biblioteca-municipal-joan-fuster-per-a-protegir-els-llibres-de-plagues\/","title":{"rendered":"L&#8217;Ajuntament d&#8217;Almenara realitza un tractament preventiu a la Biblioteca Municipal Joan Fuster per a protegir els llibres de plagues"},"content":{"rendered":"\n<p>L&#8217;Ajuntament d&#8217;Almenara ha dut a terme&nbsp;aquest&nbsp;mat\u00ed un tractament preventiu de xoc a les instal\u00b7lacions de la Biblioteca Municipal Joan Fuster per a evitar la proliferaci\u00f3 d&#8217;insectes com la lepisma (peixet de plata) i altres similars que puguen danyar els llibres emmagatzemats.&nbsp;Aquest&nbsp;tractament, que es realitza anualment, inclou tamb\u00e9 la desinsectaci\u00f3 per a paneroles i formigues, aix\u00ed com la desratitzaci\u00f3 habitual cada tres mesos.<\/p>\n\n\n\n<p>Les tasques de fumigaci\u00f3 preventiva i desinsectaci\u00f3 estan sent realitzades per l&#8217;empresa&nbsp;NC&nbsp;Plagas&nbsp;y&nbsp;Servicios, aprofitant que la Biblioteca Municipal Joan Fuster est\u00e0 tancada per vacances. Durant&nbsp;aquest&nbsp;per\u00edode vacacional, s&#8217;ha dut a terme tamb\u00e9 una neteja en profunditat de les instal\u00b7lacions i de cadascun dels llibres, a c\u00e0rrec de l&#8217;equip de neteja municipal.<\/p>\n\n\n\n<p>Amb&nbsp;aquestes&nbsp;accions, la Biblioteca Municipal Joan Fuster reobrir\u00e0&nbsp;les seues portes&nbsp;el 2 de setembre, despr\u00e9s de la neteja exhaustiva i amb el tractament preventiu de desinsectaci\u00f3 completat.<\/p>\n\n\n\n<p>Aquestes&nbsp;mesures formen part de la campanya de posada a punt dels edificis i instal\u00b7lacions municipals que s&#8217;est\u00e0 desenvolupant&nbsp;aquests&nbsp;dies, tant en termes de neteja profunda com en mat\u00e8ria de desinsectaci\u00f3 i desratitzaci\u00f3.<\/p>\n","protected":false},"excerpt":{"rendered":"<p>L&#8217;Ajuntament d&#8217;Almenara ha dut a terme&nbsp;aquest&nbsp;mat\u00ed un tractament preventiu de xoc a les instal\u00b7lacions de la Biblioteca Municipal Joan Fuster per a evitar la proliferaci\u00f3 d&#8217;insectes com la lepisma (peixet de plata) i altres similars que puguen danyar els llibres emmagatzemats.&nbsp;Aquest&nbsp;tractament, que es realitza anualment, inclou tamb\u00e9 la desinsectaci\u00f3 per a paneroles i formigues, aix\u00ed &#8230; <a title=\"L&#8217;Ajuntament d&#8217;Almenara realitza un tractament preventiu a la Biblioteca Municipal Joan Fuster per a protegir els llibres de plagues\" class=\"read-more\" href=\"https:\/\/elcafedepipa.com\/index.php\/2024\/08\/27\/lajuntament-dalmenara-realitza-un-tractament-preventiu-a-la-biblioteca-municipal-joan-fuster-per-a-protegir-els-llibres-de-plagues\/\" aria-label=\"M\u00e9s informaci\u00f3 sobre L&#8217;Ajuntament d&#8217;Almenara realitza un tractament preventiu a la Biblioteca Municipal Joan Fuster per a protegir els llibres de plagues\">Read more<\/a><\/p>\n","protected":false},"author":2,"featured_media":0,"comment_status":"closed","ping_status":"closed","sticky":false,"template":"","format":"standard","meta":{"om_disable_all_campaigns":false,"_monsterinsights_skip_tracking":false,"_monsterinsights_sitenote_active":false,"_monsterinsights_sitenote_note":"","_monsterinsights_sitenote_category":0,"_uf_show_specific_survey":0,"_uf_disable_surveys":false,"footnotes":""},"categories":[5],"tags":[],"class_list":["post-4711","post","type-post","status-publish","format-standard","hentry","category-almenara"],"_links":{"self":[{"href":"https:\/\/elcafedepipa.com\/index.php\/wp-json\/wp\/v2\/posts\/4711","targetHints":{"allow":["GET"]}}],"collection":[{"href":"https:\/\/elcafedepipa.com\/index.php\/wp-json\/wp\/v2\/posts"}],"about":[{"href":"https:\/\/elcafedepipa.com\/index.php\/wp-json\/wp\/v2\/types\/post"}],"author":[{"embeddable":true,"href":"https:\/\/elcafedepipa.com\/index.php\/wp-json\/wp\/v2\/users\/2"}],"replies":[{"embeddable":true,"href":"https:\/\/elcafedepipa.com\/index.php\/wp-json\/wp\/v2\/comments?post=4711"}],"version-history":[{"count":0,"href":"https:\/\/elcafedepipa.com\/index.php\/wp-json\/wp\/v2\/posts\/4711\/revisions"}],"wp:attachment":[{"href":"https:\/\/elcafedepipa.com\/index.php\/wp-json\/wp\/v2\/media?parent=4711"}],"wp:term":[{"taxonomy":"category","embeddable":true,"href":"https:\/\/elcafedepipa.com\/index.php\/wp-json\/wp\/v2\/categories?post=4711"},{"taxonomy":"post_tag","embeddable":true,"href":"https:\/\/elcafedepipa.com\/index.php\/wp-json\/wp\/v2\/tags?post=4711"}],"curies":[{"name":"wp","href":"https:\/\/api.w.org\/{rel}","templated":true}]}}