{"id":4694,"date":"2024-08-27T12:13:21","date_gmt":"2024-08-27T10:13:21","guid":{"rendered":"https:\/\/elcafedepipa.com\/?p=4694"},"modified":"2024-08-27T12:13:22","modified_gmt":"2024-08-27T10:13:22","slug":"la-guardia-civil-dete-un-home-per-diversos-delictes-de-robatori-amb-forca-i-furt-a-oropesa","status":"publish","type":"post","link":"https:\/\/elcafedepipa.com\/index.php\/2024\/08\/27\/la-guardia-civil-dete-un-home-per-diversos-delictes-de-robatori-amb-forca-i-furt-a-oropesa\/","title":{"rendered":"La Guardia Civil det\u00e9 un home per diversos delictes de robatori amb for\u00e7a i furt a Oropesa"},"content":{"rendered":"\n<p>La&nbsp;Gu\u00e0rdia&nbsp;Civil ha detingut un home com a presumpte autor de dos delictes de robatori amb for\u00e7a i altres dos de furt per fets ocorreguts en diverses&nbsp;vivendes&nbsp;de la localitat d&#8217;Oropesa. L&#8217;operaci\u00f3 es va dur a terme durant el mat\u00ed del passat 23 d&#8217;agost, quan agents de la&nbsp;Guardia&nbsp;Civil, en el marc del pla de lluita contra els delictes contra el patrimoni, van establir un dispositiu per a prevenir&nbsp;aquest&nbsp;tipus de delictes. Durant el dispositiu, van localitzar un home conegut pels seus nombrosos antecedents penals, que portava en aquell moment dues finestres.<\/p>\n\n\n\n<p>En interrogar-lo sobre l&#8217;origen de les finestres i comprovar que les seues explicacions no eren coherents, els agents van sospitar de la proced\u00e8ncia il\u00b7l\u00edcita&nbsp;d&#8217;aquestes. En el curs de la investigaci\u00f3, els agents no sols van poder demostrar que les finestres havien sigut sostretes d&#8217;una&nbsp;vivenda&nbsp;habitada a&nbsp;Oropesa, sin\u00f3 que tamb\u00e9, amb la col\u00b7laboraci\u00f3 de la Policia Local de la localitat, van recuperar cinc bicicletes que havien sigut robades en incidents anteriors i que el detingut tenia amagades en el lloc on residia.<\/p>\n\n\n\n<p>El detingut \u00e9s un home de&nbsp;35&nbsp;anys a qui se li&nbsp;atribueixen&nbsp;dos delictes de robatori amb for\u00e7a i dos delictes de furt.<\/p>\n\n\n\n<p>Tres de les bicicletes ja han sigut retornades als seus leg\u00edtims propietaris, mentre que els agents de la&nbsp;Guardia&nbsp;Civil continuen amb les gestions per identificar i localitzar els altres afectats. Les dilig\u00e8ncies, juntament amb el detingut, han sigut entregades al Jutjat de Gu\u00e0rdia de Castell\u00f3.<\/p>\n","protected":false},"excerpt":{"rendered":"<p>La&nbsp;Gu\u00e0rdia&nbsp;Civil ha detingut un home com a presumpte autor de dos delictes de robatori amb for\u00e7a i altres dos de furt per fets ocorreguts en diverses&nbsp;vivendes&nbsp;de la localitat d&#8217;Oropesa. L&#8217;operaci\u00f3 es va dur a terme durant el mat\u00ed del passat 23 d&#8217;agost, quan agents de la&nbsp;Guardia&nbsp;Civil, en el marc del pla de lluita contra els &#8230; <a title=\"La Guardia Civil det\u00e9 un home per diversos delictes de robatori amb for\u00e7a i furt a Oropesa\" class=\"read-more\" href=\"https:\/\/elcafedepipa.com\/index.php\/2024\/08\/27\/la-guardia-civil-dete-un-home-per-diversos-delictes-de-robatori-amb-forca-i-furt-a-oropesa\/\" aria-label=\"M\u00e9s informaci\u00f3 sobre La Guardia Civil det\u00e9 un home per diversos delictes de robatori amb for\u00e7a i furt a Oropesa\">Read more<\/a><\/p>\n","protected":false},"author":2,"featured_media":0,"comment_status":"closed","ping_status":"closed","sticky":false,"template":"","format":"standard","meta":{"om_disable_all_campaigns":false,"_monsterinsights_skip_tracking":false,"_monsterinsights_sitenote_active":false,"_monsterinsights_sitenote_note":"","_monsterinsights_sitenote_category":0,"_uf_show_specific_survey":0,"_uf_disable_surveys":false,"footnotes":""},"categories":[10],"tags":[],"class_list":["post-4694","post","type-post","status-publish","format-standard","hentry","category-provinciadecastello"],"_links":{"self":[{"href":"https:\/\/elcafedepipa.com\/index.php\/wp-json\/wp\/v2\/posts\/4694","targetHints":{"allow":["GET"]}}],"collection":[{"href":"https:\/\/elcafedepipa.com\/index.php\/wp-json\/wp\/v2\/posts"}],"about":[{"href":"https:\/\/elcafedepipa.com\/index.php\/wp-json\/wp\/v2\/types\/post"}],"author":[{"embeddable":true,"href":"https:\/\/elcafedepipa.com\/index.php\/wp-json\/wp\/v2\/users\/2"}],"replies":[{"embeddable":true,"href":"https:\/\/elcafedepipa.com\/index.php\/wp-json\/wp\/v2\/comments?post=4694"}],"version-history":[{"count":0,"href":"https:\/\/elcafedepipa.com\/index.php\/wp-json\/wp\/v2\/posts\/4694\/revisions"}],"wp:attachment":[{"href":"https:\/\/elcafedepipa.com\/index.php\/wp-json\/wp\/v2\/media?parent=4694"}],"wp:term":[{"taxonomy":"category","embeddable":true,"href":"https:\/\/elcafedepipa.com\/index.php\/wp-json\/wp\/v2\/categories?post=4694"},{"taxonomy":"post_tag","embeddable":true,"href":"https:\/\/elcafedepipa.com\/index.php\/wp-json\/wp\/v2\/tags?post=4694"}],"curies":[{"name":"wp","href":"https:\/\/api.w.org\/{rel}","templated":true}]}}