{"id":4691,"date":"2024-08-27T11:48:26","date_gmt":"2024-08-27T09:48:26","guid":{"rendered":"https:\/\/elcafedepipa.com\/?p=4691"},"modified":"2024-08-27T11:48:27","modified_gmt":"2024-08-27T09:48:27","slug":"tirig-es-prepara-per-acollir-el-dia-de-la-provincia-i-el-retorn-de-larquer-als-seus-origens","status":"publish","type":"post","link":"https:\/\/elcafedepipa.com\/index.php\/2024\/08\/27\/tirig-es-prepara-per-acollir-el-dia-de-la-provincia-i-el-retorn-de-larquer-als-seus-origens\/","title":{"rendered":"T\u00edrig es prepara\u00a0per\u00a0acollir el Dia de la Prov\u00edncia i el retorn de L\u2019Arquer als seus or\u00edgens"},"content":{"rendered":"\n<p><strong>La pla\u00e7a de l&#8217;Esgl\u00e9sia acollir\u00e0 el pr\u00f2xim 27 de setembre la celebraci\u00f3 en la qual Traver Calzada rebr\u00e0 l&#8217;Alta Distinci\u00f3 de la Prov\u00edncia<\/strong><\/p>\n\n\n\n<p>D&#8217;ac\u00ed a un mes, la pla\u00e7a de l&#8217;Esgl\u00e9sia del xicotet municipi de T\u00edrig, a l&#8217;Alt Maestrat, es convertir\u00e0 en l&#8217;escenari de la celebraci\u00f3 del Dia de la Prov\u00edncia, un esdeveniment que la Diputaci\u00f3 de Castell\u00f3 est\u00e0 organitzant amb gran dedicaci\u00f3. \u201cIgual que en el treball diari de la Diputaci\u00f3, farem que els pobles siguen els veritables i grans protagonistes del Dia de la Prov\u00edncia\u201d, ha destacat la presidenta Marta&nbsp;Barrachina.<\/p>\n\n\n\n<p>El divendres 27 de setembre, T\u00edrig, conegut per les seues pintures rupestres a la Cova de la&nbsp;Valltorta, declarades&nbsp;Patrimoni de la Humanitat, es vestir\u00e0 de gala per a rebre un acte en el qual la instituci\u00f3 provincial concedir\u00e0 cinc guardons: l&#8217;Alta Distinci\u00f3 de la Prov\u00edncia i les Distincions al M\u00e8rit de les Arts, Esportiu, Innovador i Solidari.<\/p>\n\n\n\n<p>Durant la gala,&nbsp;Vicente&nbsp;Traver&nbsp;Calzada&nbsp;ser\u00e0 homenatjat amb l&#8217;Alta Distinci\u00f3. L&#8217;artista ha dedicat deu anys de la seua vida a crear els deu murals que adornen el hall del Palau Provincial, amb temes que aborden moments clau de la hist\u00f2ria de Castell\u00f3, costums i tradicions, monuments emblem\u00e0tics, llegendes i projectes de futur. Estos murals s&#8217;han convertit en una refer\u00e8ncia visual de la prov\u00edncia de Castell\u00f3.<\/p>\n\n\n\n<p>A m\u00e9s de&nbsp;Vicente&nbsp;Traver&nbsp;Calzada, altres guardonats destaquen pel seu comprom\u00eds amb la prov\u00edncia i pels valors d&#8217;esfor\u00e7, solidaritat, sacrifici i superaci\u00f3. El Museu de la&nbsp;Valltorta&nbsp;rebr\u00e0 el M\u00e8rit de les Arts, la Penyagolosa&nbsp;Trails&nbsp;ser\u00e0 reconeguda amb el M\u00e8rit Esportiu, la C\u00e0tedra d&#8217;Activitat F\u00edsica i Oncologia de l&#8217;UJI obtindr\u00e0 el M\u00e8rit a la Innovaci\u00f3 i la Fundaci\u00f3 Hospital Provincial ser\u00e0 distingida amb el M\u00e8rit Solidari. A m\u00e9s, la Diputaci\u00f3 de Castell\u00f3 atorgar\u00e0 per primera vegada medalles de bronze a la Uni\u00f3 de M\u00fatues, pel seu vint\u00e9 aniversari, i a la Mare de D\u00e9u del Lled\u00f3, pel centenari de la seua coronaci\u00f3.<\/p>\n\n\n\n<p>En el marc dels preparatius per al Dia de la Prov\u00edncia, la Diputaci\u00f3 de Castell\u00f3 presentar\u00e0 el pr\u00f2xim dimarts 3 de setembre el cartell oficial de l&#8217;esdeveniment.&nbsp;Aquesta&nbsp;presentaci\u00f3 marcar\u00e0 el compte arrere per a una celebraci\u00f3 que busca reunir l&#8217;ess\u00e8ncia dels guardonats, de la Diputaci\u00f3 de Castell\u00f3 i de tota la prov\u00edncia el pr\u00f2xim 27 de setembre a T\u00edrig, sent&nbsp;aquesta&nbsp;la primera parada d&#8217;un Dia de la Prov\u00edncia pensat per a tots els 135 municipis de Castell\u00f3.<\/p>\n","protected":false},"excerpt":{"rendered":"<p>La pla\u00e7a de l&#8217;Esgl\u00e9sia acollir\u00e0 el pr\u00f2xim 27 de setembre la celebraci\u00f3 en la qual Traver Calzada rebr\u00e0 l&#8217;Alta Distinci\u00f3 de la Prov\u00edncia D&#8217;ac\u00ed a un mes, la pla\u00e7a de l&#8217;Esgl\u00e9sia del xicotet municipi de T\u00edrig, a l&#8217;Alt Maestrat, es convertir\u00e0 en l&#8217;escenari de la celebraci\u00f3 del Dia de la Prov\u00edncia, un esdeveniment que la &#8230; <a title=\"T\u00edrig es prepara\u00a0per\u00a0acollir el Dia de la Prov\u00edncia i el retorn de L\u2019Arquer als seus or\u00edgens\" class=\"read-more\" href=\"https:\/\/elcafedepipa.com\/index.php\/2024\/08\/27\/tirig-es-prepara-per-acollir-el-dia-de-la-provincia-i-el-retorn-de-larquer-als-seus-origens\/\" aria-label=\"M\u00e9s informaci\u00f3 sobre T\u00edrig es prepara\u00a0per\u00a0acollir el Dia de la Prov\u00edncia i el retorn de L\u2019Arquer als seus or\u00edgens\">Read more<\/a><\/p>\n","protected":false},"author":2,"featured_media":0,"comment_status":"closed","ping_status":"closed","sticky":false,"template":"","format":"standard","meta":{"om_disable_all_campaigns":false,"_monsterinsights_skip_tracking":false,"_monsterinsights_sitenote_active":false,"_monsterinsights_sitenote_note":"","_monsterinsights_sitenote_category":0,"_uf_show_specific_survey":0,"_uf_disable_surveys":false,"footnotes":""},"categories":[10],"tags":[],"class_list":["post-4691","post","type-post","status-publish","format-standard","hentry","category-provinciadecastello"],"_links":{"self":[{"href":"https:\/\/elcafedepipa.com\/index.php\/wp-json\/wp\/v2\/posts\/4691","targetHints":{"allow":["GET"]}}],"collection":[{"href":"https:\/\/elcafedepipa.com\/index.php\/wp-json\/wp\/v2\/posts"}],"about":[{"href":"https:\/\/elcafedepipa.com\/index.php\/wp-json\/wp\/v2\/types\/post"}],"author":[{"embeddable":true,"href":"https:\/\/elcafedepipa.com\/index.php\/wp-json\/wp\/v2\/users\/2"}],"replies":[{"embeddable":true,"href":"https:\/\/elcafedepipa.com\/index.php\/wp-json\/wp\/v2\/comments?post=4691"}],"version-history":[{"count":0,"href":"https:\/\/elcafedepipa.com\/index.php\/wp-json\/wp\/v2\/posts\/4691\/revisions"}],"wp:attachment":[{"href":"https:\/\/elcafedepipa.com\/index.php\/wp-json\/wp\/v2\/media?parent=4691"}],"wp:term":[{"taxonomy":"category","embeddable":true,"href":"https:\/\/elcafedepipa.com\/index.php\/wp-json\/wp\/v2\/categories?post=4691"},{"taxonomy":"post_tag","embeddable":true,"href":"https:\/\/elcafedepipa.com\/index.php\/wp-json\/wp\/v2\/tags?post=4691"}],"curies":[{"name":"wp","href":"https:\/\/api.w.org\/{rel}","templated":true}]}}