{"id":4661,"date":"2024-08-26T11:44:16","date_gmt":"2024-08-26T09:44:16","guid":{"rendered":"https:\/\/elcafedepipa.com\/?p=4661"},"modified":"2024-08-26T11:44:18","modified_gmt":"2024-08-26T09:44:18","slug":"el-ppcv-aplaudix-la-iniciativa-de-carlos-mazon-de-destinar-15-milions-deuros-en-ajudes-per-a-la-contractacio-de-joves-en-pimes","status":"publish","type":"post","link":"https:\/\/elcafedepipa.com\/index.php\/2024\/08\/26\/el-ppcv-aplaudix-la-iniciativa-de-carlos-mazon-de-destinar-15-milions-deuros-en-ajudes-per-a-la-contractacio-de-joves-en-pimes\/","title":{"rendered":"El\u00a0PPCV\u00a0aplaudix la iniciativa de Carlos Maz\u00f3n de destinar 1,5 milions d&#8217;euros en ajudes per a la contractaci\u00f3 de joves en\u00a0pimes"},"content":{"rendered":"\n<p><strong>La portaveu d&#8217;Ocupaci\u00f3 del\u00a0GPP\u00a0en\u00a0Les Corts, Candela Angl\u00e9s, defensa el pla del Consell per a promoure l&#8217;ocupaci\u00f3 juvenil en sectors d&#8217;alt valor\u00a0afegit<\/strong><\/p>\n\n\n\n<p>La portaveu d&#8217;Ocupaci\u00f3 del Grup Parlamentari Popular a&nbsp;Les Corts&nbsp;Valencianes, Candela Angl\u00e9s, ha expressat la seua satisfacci\u00f3 per l&#8217;anunci realitzat pel president de la Generalitat, Carlos Maz\u00f3n, sobre la posada en marxa d&#8217;ajudes per valor d&#8217;1,5 milions d&#8217;euros destinades a donar suport a les pimes en la contractaci\u00f3 de joves especialitzats en internacionalitzaci\u00f3. Segons la diputada,&nbsp;aquesta&nbsp;iniciativa demostra que \u201cMaz\u00f3n \u00e9s un president comprom\u00e9s amb els joves i amb la creaci\u00f3 d&#8217;ocupaci\u00f3 de qualitat\u201d.<\/p>\n\n\n\n<p><strong>Una iniciativa per a fomentar l&#8217;ocupaci\u00f3 juvenil qualificada<br><\/strong>Aquest\u00a0nou pla del Consell, cofinan\u00e7at en un 60% pel Fons Social Europeu, permetr\u00e0 a les empreses i entitats de la Comunitat Valenciana comptar amb personal qualificat en \u00e0rees clau com el comer\u00e7 exterior, la venda i el m\u00e0rqueting digitals, la gesti\u00f3 de dades i el business\u00a0intel\u00b7lig\u00e8ncia. L&#8217;objectiu \u00e9s promoure la inserci\u00f3 laboral dels joves valencians en sectors\u00a0d&#8217;alt\u00a0valor afegit, responent a les necessitats del mercat global.<\/p>\n\n\n\n<p>\u201cLa creaci\u00f3 d&#8217;ocupaci\u00f3 \u00e9s priorit\u00e0ria per a&nbsp;aquest&nbsp;govern, i&nbsp;aquesta&nbsp;iniciativa&nbsp;reflectix&nbsp;la nostra voluntat de dotar els nostres joves de les eines necess\u00e0ries&nbsp;per a&nbsp;accedir a una ocupaci\u00f3 moderna i adaptada a les demandes del mercat global\u201d, ha afirmat Angl\u00e9s. La parlament\u00e0ria ha recordat que mesures com les anunciades per Maz\u00f3n responen als compromisos del&nbsp;PPCV&nbsp;amb l&#8217;ocupaci\u00f3 juvenil a la Comunitat Valenciana. \u201cHui, veiem com eixe comprom\u00eds es materialitza en pol\u00edtiques concretes\u201d, ha afegit.<\/p>\n\n\n\n<p><strong>Resultats positius en l&#8217;ocupaci\u00f3 valenciana<br><\/strong>La portaveu popular ha destacat que, malgrat els desafiaments, la Comunitat Valenciana ha mostrat una tend\u00e8ncia positiva en termes d&#8217;ocupaci\u00f3. Els esfor\u00e7os del Consell en mat\u00e8ria d&#8217;ocupaci\u00f3 han donat com a resultat una reducci\u00f3 de l&#8217;atur en l&#8217;\u00faltim any. \u201cGr\u00e0cies a les pol\u00edtiques de Maz\u00f3n, ens estem apropant a la barrera dels 2,5 milions d&#8217;ocupats, i confiem que\u00a0aquestes\u00a0noves ajudes contribuiran a reduir encara m\u00e9s l&#8217;atur juvenil\u201d, ha sostingut Angl\u00e9s.<\/p>\n\n\n\n<p>Segons Angl\u00e9s,&nbsp;aquestes&nbsp;ajudes no sols representen una oportunitat per als joves, sin\u00f3 tamb\u00e9 per a les empreses valencianes que busquen expandir-se&nbsp;a nivell internacional&nbsp;i necessiten personal altament qualificat per a competir en un mercat globalitzat.<\/p>\n","protected":false},"excerpt":{"rendered":"<p>La portaveu d&#8217;Ocupaci\u00f3 del\u00a0GPP\u00a0en\u00a0Les Corts, Candela Angl\u00e9s, defensa el pla del Consell per a promoure l&#8217;ocupaci\u00f3 juvenil en sectors d&#8217;alt valor\u00a0afegit La portaveu d&#8217;Ocupaci\u00f3 del Grup Parlamentari Popular a&nbsp;Les Corts&nbsp;Valencianes, Candela Angl\u00e9s, ha expressat la seua satisfacci\u00f3 per l&#8217;anunci realitzat pel president de la Generalitat, Carlos Maz\u00f3n, sobre la posada en marxa d&#8217;ajudes per valor &#8230; <a title=\"El\u00a0PPCV\u00a0aplaudix la iniciativa de Carlos Maz\u00f3n de destinar 1,5 milions d&#8217;euros en ajudes per a la contractaci\u00f3 de joves en\u00a0pimes\" class=\"read-more\" href=\"https:\/\/elcafedepipa.com\/index.php\/2024\/08\/26\/el-ppcv-aplaudix-la-iniciativa-de-carlos-mazon-de-destinar-15-milions-deuros-en-ajudes-per-a-la-contractacio-de-joves-en-pimes\/\" aria-label=\"M\u00e9s informaci\u00f3 sobre El\u00a0PPCV\u00a0aplaudix la iniciativa de Carlos Maz\u00f3n de destinar 1,5 milions d&#8217;euros en ajudes per a la contractaci\u00f3 de joves en\u00a0pimes\">Read more<\/a><\/p>\n","protected":false},"author":2,"featured_media":0,"comment_status":"closed","ping_status":"closed","sticky":false,"template":"","format":"standard","meta":{"om_disable_all_campaigns":false,"_monsterinsights_skip_tracking":false,"_monsterinsights_sitenote_active":false,"_monsterinsights_sitenote_note":"","_monsterinsights_sitenote_category":0,"_uf_show_specific_survey":0,"_uf_disable_surveys":false,"footnotes":""},"categories":[11],"tags":[],"class_list":["post-4661","post","type-post","status-publish","format-standard","hentry","category-comunitatvalenciana"],"_links":{"self":[{"href":"https:\/\/elcafedepipa.com\/index.php\/wp-json\/wp\/v2\/posts\/4661","targetHints":{"allow":["GET"]}}],"collection":[{"href":"https:\/\/elcafedepipa.com\/index.php\/wp-json\/wp\/v2\/posts"}],"about":[{"href":"https:\/\/elcafedepipa.com\/index.php\/wp-json\/wp\/v2\/types\/post"}],"author":[{"embeddable":true,"href":"https:\/\/elcafedepipa.com\/index.php\/wp-json\/wp\/v2\/users\/2"}],"replies":[{"embeddable":true,"href":"https:\/\/elcafedepipa.com\/index.php\/wp-json\/wp\/v2\/comments?post=4661"}],"version-history":[{"count":0,"href":"https:\/\/elcafedepipa.com\/index.php\/wp-json\/wp\/v2\/posts\/4661\/revisions"}],"wp:attachment":[{"href":"https:\/\/elcafedepipa.com\/index.php\/wp-json\/wp\/v2\/media?parent=4661"}],"wp:term":[{"taxonomy":"category","embeddable":true,"href":"https:\/\/elcafedepipa.com\/index.php\/wp-json\/wp\/v2\/categories?post=4661"},{"taxonomy":"post_tag","embeddable":true,"href":"https:\/\/elcafedepipa.com\/index.php\/wp-json\/wp\/v2\/tags?post=4661"}],"curies":[{"name":"wp","href":"https:\/\/api.w.org\/{rel}","templated":true}]}}