{"id":4626,"date":"2024-08-24T15:41:44","date_gmt":"2024-08-24T13:41:44","guid":{"rendered":"https:\/\/elcafedepipa.com\/?p=4626"},"modified":"2024-08-24T15:41:46","modified_gmt":"2024-08-24T13:41:46","slug":"les-festes-patronals-de-la-llosa-tindran-de-nou-la-concentracio-motera-memorial-manuel-ruiz-carmona","status":"publish","type":"post","link":"https:\/\/elcafedepipa.com\/index.php\/2024\/08\/24\/les-festes-patronals-de-la-llosa-tindran-de-nou-la-concentracio-motera-memorial-manuel-ruiz-carmona\/","title":{"rendered":"Les festes patronals de La Llosa tindran de nou la concentraci\u00f3 motera, memorial Manuel Ruiz Carmona"},"content":{"rendered":"\n<p>Les festes patronals de La Llosa acolliran el 31 d&#8217;agost, la tercera edici\u00f3 de la concentraci\u00f3 motera Bandana Ride, Memorial Manuel Ruiz Carmona. Ser\u00e0 una jornada de record i de germanor motera amb la concentraci\u00f3 que tindr\u00e0 lloc al parc del Xop a partir de les 8.45h.  A les 10.15h arribar\u00e0 l&#8217;hora de l&#8217;esmorzar i a les 11h una actuaci\u00f3 rockera. Les persones interessades poden inscriure&#8217;s en la web <a href=\"https:\/\/l.facebook.com\/l.php?u=http%3A%2F%2Fwww.runaddiction.es%2F%3Ffbclid%3DIwZXh0bgNhZW0CMTAAAR1jneH2JmEDjxuIgnBZKBr1s7x-PaU4XnAnuSKwgL8rf_VKN-2Na6Pw-Ok_aem_PkZJawCVEAniedBxjiiZSw&amp;h=AT3sCH5yubh4A3KNG12uhYHjjQO1T3gEcaE3lD_oWqYvY-zjFEZjmW1-PQ8EB8O8FINxqRh4aAdKEpuWSZhMw6Rzj38AR5WZX_EUpKhvl-Brey2uuN7xOfK5pd-24GXDxdKTr3to2A&amp;__tn__=-UK-y-R&amp;c[0]=AT0Q7zYEHd3DtlfOs3eKta3oxcAGKz_wRaZniaEQ-fvRvPXaVbdm48A27qJZpOsCeTTYVGL4lZPC7lHv3mI1yCxMG94cNQZ75gMbE9kaAiwpmoy6uozVQLakw3Yz5UurFyMaUZxtg0kGWEO4wY4gmTvtzRfPhummvfZlO9k39cUn-jsS5vSUogbuezd-LyJB_P2EQUvU_2m4EWP5lypkWHwYEhPl2HIQPCiCOR8fHROup2WaIkvBSAB1oD7t2cjyMQ\" target=\"_blank\" rel=\"noreferrer noopener\">www.runaddiction.es<\/a> i en el correu electr\u00f2nic ayuntamiento@lallosa.es<\/p>\n\n\n\n<p><\/p>\n\n\n\n<p><\/p>\n","protected":false},"excerpt":{"rendered":"<p>Les festes patronals de La Llosa acolliran el 31 d&#8217;agost, la tercera edici\u00f3 de la concentraci\u00f3 motera Bandana Ride, Memorial Manuel Ruiz Carmona. Ser\u00e0 una jornada de record i de germanor motera amb la concentraci\u00f3 que tindr\u00e0 lloc al parc del Xop a partir de les 8.45h. A les 10.15h arribar\u00e0 l&#8217;hora de l&#8217;esmorzar i &#8230; <a title=\"Les festes patronals de La Llosa tindran de nou la concentraci\u00f3 motera, memorial Manuel Ruiz Carmona\" class=\"read-more\" href=\"https:\/\/elcafedepipa.com\/index.php\/2024\/08\/24\/les-festes-patronals-de-la-llosa-tindran-de-nou-la-concentracio-motera-memorial-manuel-ruiz-carmona\/\" aria-label=\"M\u00e9s informaci\u00f3 sobre Les festes patronals de La Llosa tindran de nou la concentraci\u00f3 motera, memorial Manuel Ruiz Carmona\">Read more<\/a><\/p>\n","protected":false},"author":2,"featured_media":0,"comment_status":"closed","ping_status":"closed","sticky":false,"template":"","format":"standard","meta":{"om_disable_all_campaigns":false,"_monsterinsights_skip_tracking":false,"_monsterinsights_sitenote_active":false,"_monsterinsights_sitenote_note":"","_monsterinsights_sitenote_category":0,"_uf_show_specific_survey":0,"_uf_disable_surveys":false,"footnotes":""},"categories":[8],"tags":[],"class_list":["post-4626","post","type-post","status-publish","format-standard","hentry","category-lallosa"],"_links":{"self":[{"href":"https:\/\/elcafedepipa.com\/index.php\/wp-json\/wp\/v2\/posts\/4626","targetHints":{"allow":["GET"]}}],"collection":[{"href":"https:\/\/elcafedepipa.com\/index.php\/wp-json\/wp\/v2\/posts"}],"about":[{"href":"https:\/\/elcafedepipa.com\/index.php\/wp-json\/wp\/v2\/types\/post"}],"author":[{"embeddable":true,"href":"https:\/\/elcafedepipa.com\/index.php\/wp-json\/wp\/v2\/users\/2"}],"replies":[{"embeddable":true,"href":"https:\/\/elcafedepipa.com\/index.php\/wp-json\/wp\/v2\/comments?post=4626"}],"version-history":[{"count":0,"href":"https:\/\/elcafedepipa.com\/index.php\/wp-json\/wp\/v2\/posts\/4626\/revisions"}],"wp:attachment":[{"href":"https:\/\/elcafedepipa.com\/index.php\/wp-json\/wp\/v2\/media?parent=4626"}],"wp:term":[{"taxonomy":"category","embeddable":true,"href":"https:\/\/elcafedepipa.com\/index.php\/wp-json\/wp\/v2\/categories?post=4626"},{"taxonomy":"post_tag","embeddable":true,"href":"https:\/\/elcafedepipa.com\/index.php\/wp-json\/wp\/v2\/tags?post=4626"}],"curies":[{"name":"wp","href":"https:\/\/api.w.org\/{rel}","templated":true}]}}