{"id":4613,"date":"2024-08-23T14:53:53","date_gmt":"2024-08-23T12:53:53","guid":{"rendered":"https:\/\/elcafedepipa.com\/?p=4613"},"modified":"2024-08-23T14:55:08","modified_gmt":"2024-08-23T12:55:08","slug":"exit-total-de-les-penyes-en-el-concurs-de-disfresses-de-nules","status":"publish","type":"post","link":"https:\/\/elcafedepipa.com\/index.php\/2024\/08\/23\/exit-total-de-les-penyes-en-el-concurs-de-disfresses-de-nules\/","title":{"rendered":"\u00c8xit total de les penyes en el concurs de disfresses de Nules"},"content":{"rendered":"\n<p>Al voltant de 80 penyes van participar en la desfilada de disfresses que va rec\u00f3rrer els principals carrers de la vila de Nules on el premi a la millor cr\u00edtica local va ser per a la penya Pa que la fem; el premi a la millor coreografia per a la penya la Temptaci\u00f3; el premi al millor carro per a la penya Valhalla; el premi a la millor identificaci\u00f3 del nom de la penya per a l\u2019Afirmaci\u00f3; el primer premi a la millor disfressa ha estat per a la penya\u00a0 l\u2019Estropici; el segon premi a la millor disfressa per a la penya l\u2019Afici\u00f3; i el tercer per a la penya El Crit.\u00a0\u00a0\u00a0\u00a0\u00a0\u00a0\u00a0\u00a0\u00a0\u00a0\u00a0\u00a0\u00a0 \u00a0\u00a0\u00a0\u00a0\u00a0\u00a0<\/p>\n\n\n\n<p>Per altra banda, aquesta jornada de divendres els aficionats taurins tamb\u00e9 comptaran amb actes taurins amb el bou per la vila de la ramaderia de Cebada Gago i amb el bou embolat de la ramaderia de Pedraza de&nbsp; Yeltes &nbsp;patrocinats per l\u2019Ajuntament de Nules.<\/p>\n\n\n\n<p>Aix\u00ed mateix, dissabte els nulers i les nuleres celebraran la festivitat del seu patr\u00f3 Sant Bartomeu amb els tradicionals actes religiosos.<\/p>\n\n\n\n<p>La programaci\u00f3 festiva finalitzar\u00e0 diumenge &nbsp;amb el trofeu de futbol de Sant Bartomeu entre el CF Nules i Alqueries CF; amb el tribut &nbsp;a Queen amb el grup Fat Bottomed Boys i la Banda Art\u00edstica Nulense que tindr\u00e0 lloc al Teatre Alc\u00e1zar; i amb el recital de poesia \u201cEstell\u00e9s desconegut, una correspond\u00e8ncia p\u00f2stuma\u201d a l\u2019ermita de Sant Xotxim a c\u00e0rrec de l\u2019Associaci\u00f3 el Pont Cooperativa de Lletres que organitza l\u2019Associaci\u00f3 Cultural la Corretjola i que patrocina la regidoria de Normalitzaci\u00f3 Ling\u00fc\u00edstica de l\u2019Ajuntament de Nules.<\/p>\n","protected":false},"excerpt":{"rendered":"<p>Al voltant de 80 penyes van participar en la desfilada de disfresses que va rec\u00f3rrer els principals carrers de la vila de Nules on el premi a la millor cr\u00edtica local va ser per a la penya Pa que la fem; el premi a la millor coreografia per a la penya la Temptaci\u00f3; el premi &#8230; <a title=\"\u00c8xit total de les penyes en el concurs de disfresses de Nules\" class=\"read-more\" href=\"https:\/\/elcafedepipa.com\/index.php\/2024\/08\/23\/exit-total-de-les-penyes-en-el-concurs-de-disfresses-de-nules\/\" aria-label=\"M\u00e9s informaci\u00f3 sobre \u00c8xit total de les penyes en el concurs de disfresses de Nules\">Read more<\/a><\/p>\n","protected":false},"author":2,"featured_media":0,"comment_status":"closed","ping_status":"closed","sticky":false,"template":"","format":"standard","meta":{"om_disable_all_campaigns":false,"_monsterinsights_skip_tracking":false,"_monsterinsights_sitenote_active":false,"_monsterinsights_sitenote_note":"","_monsterinsights_sitenote_category":0,"_uf_show_specific_survey":0,"_uf_disable_surveys":false,"footnotes":""},"categories":[3],"tags":[],"class_list":["post-4613","post","type-post","status-publish","format-standard","hentry","category-nules"],"_links":{"self":[{"href":"https:\/\/elcafedepipa.com\/index.php\/wp-json\/wp\/v2\/posts\/4613","targetHints":{"allow":["GET"]}}],"collection":[{"href":"https:\/\/elcafedepipa.com\/index.php\/wp-json\/wp\/v2\/posts"}],"about":[{"href":"https:\/\/elcafedepipa.com\/index.php\/wp-json\/wp\/v2\/types\/post"}],"author":[{"embeddable":true,"href":"https:\/\/elcafedepipa.com\/index.php\/wp-json\/wp\/v2\/users\/2"}],"replies":[{"embeddable":true,"href":"https:\/\/elcafedepipa.com\/index.php\/wp-json\/wp\/v2\/comments?post=4613"}],"version-history":[{"count":0,"href":"https:\/\/elcafedepipa.com\/index.php\/wp-json\/wp\/v2\/posts\/4613\/revisions"}],"wp:attachment":[{"href":"https:\/\/elcafedepipa.com\/index.php\/wp-json\/wp\/v2\/media?parent=4613"}],"wp:term":[{"taxonomy":"category","embeddable":true,"href":"https:\/\/elcafedepipa.com\/index.php\/wp-json\/wp\/v2\/categories?post=4613"},{"taxonomy":"post_tag","embeddable":true,"href":"https:\/\/elcafedepipa.com\/index.php\/wp-json\/wp\/v2\/tags?post=4613"}],"curies":[{"name":"wp","href":"https:\/\/api.w.org\/{rel}","templated":true}]}}