{"id":4600,"date":"2024-08-23T13:05:00","date_gmt":"2024-08-23T11:05:00","guid":{"rendered":"https:\/\/elcafedepipa.com\/?p=4600"},"modified":"2024-08-23T12:15:40","modified_gmt":"2024-08-23T10:15:40","slug":"vicente-ambou-president-de-la-cooperativa-de-riegos-i-comunidad-de-regantes-de-la-vall","status":"publish","type":"post","link":"https:\/\/elcafedepipa.com\/index.php\/2024\/08\/23\/vicente-ambou-president-de-la-cooperativa-de-riegos-i-comunidad-de-regantes-de-la-vall\/","title":{"rendered":"Vicente Ambou, president de la Cooperativa de Riegos i Comunidad de Regantes de la Vall"},"content":{"rendered":"\n<figure class=\"wp-block-audio\"><audio controls src=\"https:\/\/elcafedepipa.com\/wp-content\/uploads\/2024\/08\/ambou23agost.mp3\"><\/audio><\/figure>\n\n\n\n<p>De la sequera, del preu de l&#8217;aigua de reg, de la nova bassa de 220.000 metres c\u00fabics que tractar\u00e0 i emmagatzemar\u00e0 l&#8217;aigua provinent de la depuradora hem parlat amb Vicente Ambou. D&#8217;aix\u00f2 i d&#8217;altres q\u00fcestions d&#8217;inter\u00e9s relacionades amb el reg i l&#8217;agricultura del municipi.<\/p>\n","protected":false},"excerpt":{"rendered":"<p>De la sequera, del preu de l&#8217;aigua de reg, de la nova bassa de 220.000 metres c\u00fabics que tractar\u00e0 i emmagatzemar\u00e0 l&#8217;aigua provinent de la depuradora hem parlat amb Vicente Ambou. D&#8217;aix\u00f2 i d&#8217;altres q\u00fcestions d&#8217;inter\u00e9s relacionades amb el reg i l&#8217;agricultura del municipi.<\/p>\n","protected":false},"author":2,"featured_media":0,"comment_status":"closed","ping_status":"closed","sticky":false,"template":"","format":"standard","meta":{"om_disable_all_campaigns":false,"_monsterinsights_skip_tracking":false,"_monsterinsights_sitenote_active":false,"_monsterinsights_sitenote_note":"","_monsterinsights_sitenote_category":0,"_uf_show_specific_survey":0,"_uf_disable_surveys":false,"footnotes":""},"categories":[1],"tags":[],"class_list":["post-4600","post","type-post","status-publish","format-standard","hentry","category-non-classe"],"_links":{"self":[{"href":"https:\/\/elcafedepipa.com\/index.php\/wp-json\/wp\/v2\/posts\/4600","targetHints":{"allow":["GET"]}}],"collection":[{"href":"https:\/\/elcafedepipa.com\/index.php\/wp-json\/wp\/v2\/posts"}],"about":[{"href":"https:\/\/elcafedepipa.com\/index.php\/wp-json\/wp\/v2\/types\/post"}],"author":[{"embeddable":true,"href":"https:\/\/elcafedepipa.com\/index.php\/wp-json\/wp\/v2\/users\/2"}],"replies":[{"embeddable":true,"href":"https:\/\/elcafedepipa.com\/index.php\/wp-json\/wp\/v2\/comments?post=4600"}],"version-history":[{"count":0,"href":"https:\/\/elcafedepipa.com\/index.php\/wp-json\/wp\/v2\/posts\/4600\/revisions"}],"wp:attachment":[{"href":"https:\/\/elcafedepipa.com\/index.php\/wp-json\/wp\/v2\/media?parent=4600"}],"wp:term":[{"taxonomy":"category","embeddable":true,"href":"https:\/\/elcafedepipa.com\/index.php\/wp-json\/wp\/v2\/categories?post=4600"},{"taxonomy":"post_tag","embeddable":true,"href":"https:\/\/elcafedepipa.com\/index.php\/wp-json\/wp\/v2\/tags?post=4600"}],"curies":[{"name":"wp","href":"https:\/\/api.w.org\/{rel}","templated":true}]}}