{"id":4571,"date":"2024-08-22T13:04:54","date_gmt":"2024-08-22T11:04:54","guid":{"rendered":"https:\/\/elcafedepipa.com\/?p=4571"},"modified":"2024-08-22T13:04:55","modified_gmt":"2024-08-22T11:04:55","slug":"podcast-marina-lluna-escola-de-ball-estrenara-nou-local-al-carrer-mestre-rodrigo-no17","status":"publish","type":"post","link":"https:\/\/elcafedepipa.com\/index.php\/2024\/08\/22\/podcast-marina-lluna-escola-de-ball-estrenara-nou-local-al-carrer-mestre-rodrigo-no17\/","title":{"rendered":"Podcast | Marina Lluna Escola de Ball estrenar\u00e0 nou local al carrer Mestre Rodrigo n\u00ba17"},"content":{"rendered":"\n<p><strong>\u00c0UDIO | <\/strong>Marina Lluna Escola de Ball inaugurar\u00e0 nou local el pr\u00f2xim 1 de setembre a les 7 de la vesprada, ubicat al carrer Mestre\u00a0Rodrigo\u00a0n\u00fam. 17. Ser\u00e0 un espai de trobada per a persones de totes les edats, que incorpora noves disciplines com iniciaci\u00f3 a la salsa,\u00a0batxata\u00a0o oriental, classes de flamenc i sevillanes i activitats de benestar i salut, entre altres. Totes les activitats es podran provar a les jornades de portes obertes, del 2 al 13 de setembre.\u00a0Ens ho conten Marina Lluna,\u00a0Henar\u00a0Llid\u00f3 i\u00a0Sharay\u00a0Valiente.<\/p>\n\n\n\n<figure class=\"wp-block-audio\"><audio controls src=\"https:\/\/elcafedepipa.com\/wp-content\/uploads\/2024\/08\/marinalluna22ag.mp3\"><\/audio><\/figure>\n","protected":false},"excerpt":{"rendered":"<p>\u00c0UDIO | Marina Lluna Escola de Ball inaugurar\u00e0 nou local el pr\u00f2xim 1 de setembre a les 7 de la vesprada, ubicat al carrer Mestre\u00a0Rodrigo\u00a0n\u00fam. 17. Ser\u00e0 un espai de trobada per a persones de totes les edats, que incorpora noves disciplines com iniciaci\u00f3 a la salsa,\u00a0batxata\u00a0o oriental, classes de flamenc i sevillanes i activitats &#8230; <a title=\"Podcast | Marina Lluna Escola de Ball estrenar\u00e0 nou local al carrer Mestre Rodrigo n\u00ba17\" class=\"read-more\" href=\"https:\/\/elcafedepipa.com\/index.php\/2024\/08\/22\/podcast-marina-lluna-escola-de-ball-estrenara-nou-local-al-carrer-mestre-rodrigo-no17\/\" aria-label=\"M\u00e9s informaci\u00f3 sobre Podcast | Marina Lluna Escola de Ball estrenar\u00e0 nou local al carrer Mestre Rodrigo n\u00ba17\">Read more<\/a><\/p>\n","protected":false},"author":2,"featured_media":0,"comment_status":"closed","ping_status":"closed","sticky":false,"template":"","format":"standard","meta":{"om_disable_all_campaigns":false,"_monsterinsights_skip_tracking":false,"_monsterinsights_sitenote_active":false,"_monsterinsights_sitenote_note":"","_monsterinsights_sitenote_category":0,"_uf_show_specific_survey":0,"_uf_disable_surveys":false,"footnotes":""},"categories":[2],"tags":[],"class_list":["post-4571","post","type-post","status-publish","format-standard","hentry","category-lavallduixo"],"_links":{"self":[{"href":"https:\/\/elcafedepipa.com\/index.php\/wp-json\/wp\/v2\/posts\/4571","targetHints":{"allow":["GET"]}}],"collection":[{"href":"https:\/\/elcafedepipa.com\/index.php\/wp-json\/wp\/v2\/posts"}],"about":[{"href":"https:\/\/elcafedepipa.com\/index.php\/wp-json\/wp\/v2\/types\/post"}],"author":[{"embeddable":true,"href":"https:\/\/elcafedepipa.com\/index.php\/wp-json\/wp\/v2\/users\/2"}],"replies":[{"embeddable":true,"href":"https:\/\/elcafedepipa.com\/index.php\/wp-json\/wp\/v2\/comments?post=4571"}],"version-history":[{"count":0,"href":"https:\/\/elcafedepipa.com\/index.php\/wp-json\/wp\/v2\/posts\/4571\/revisions"}],"wp:attachment":[{"href":"https:\/\/elcafedepipa.com\/index.php\/wp-json\/wp\/v2\/media?parent=4571"}],"wp:term":[{"taxonomy":"category","embeddable":true,"href":"https:\/\/elcafedepipa.com\/index.php\/wp-json\/wp\/v2\/categories?post=4571"},{"taxonomy":"post_tag","embeddable":true,"href":"https:\/\/elcafedepipa.com\/index.php\/wp-json\/wp\/v2\/tags?post=4571"}],"curies":[{"name":"wp","href":"https:\/\/api.w.org\/{rel}","templated":true}]}}