{"id":4543,"date":"2024-08-21T13:20:07","date_gmt":"2024-08-21T11:20:07","guid":{"rendered":"https:\/\/elcafedepipa.com\/?p=4543"},"modified":"2024-08-21T13:20:09","modified_gmt":"2024-08-21T11:20:09","slug":"lajuntament-dalmenara-rep-una-subvencio-de-17-86190-euros-per-a-politiques-contra-la-violencia-de-genere","status":"publish","type":"post","link":"https:\/\/elcafedepipa.com\/index.php\/2024\/08\/21\/lajuntament-dalmenara-rep-una-subvencio-de-17-86190-euros-per-a-politiques-contra-la-violencia-de-genere\/","title":{"rendered":"L&#8217;Ajuntament d&#8217;Almenara rep una subvenci\u00f3 de 17.861,90 euros per a pol\u00edtiques contra la viol\u00e8ncia de g\u00e8nere"},"content":{"rendered":"\n<p><strong>La inversi\u00f3 es destinar\u00e0 a programes i accions de sensibilitzaci\u00f3 entre la poblaci\u00f3<\/strong><\/p>\n\n\n\n<p>El Ministeri d&#8217;Igualtat ha concedit a l&#8217;Ajuntament d&#8217;Almenara una subvenci\u00f3 de 17.861,90 euros que haur\u00e0 de destinar-se a implementar pol\u00edtiques contra la viol\u00e8ncia de g\u00e8nere fins al 30 de juny de 2025.&nbsp;Aquesta&nbsp;ajuda prov\u00e9 de la Secretaria d&#8217;Estat d&#8217;Igualtat i contra la Viol\u00e8ncia de G\u00e8nere, i s&#8217;emmarca en el&nbsp;Pacte d&#8217;Estat&nbsp;contra la viol\u00e8ncia de g\u00e8nere per a l&#8217;exercici 2024.<\/p>\n\n\n\n<p>L&#8217;Ajuntament d&#8217;Almenara destinar\u00e0&nbsp;aquests&nbsp;fons a la realitzaci\u00f3 de projectes i programes que tenen com a objectiu desenvolupar les mesures del pacte d&#8217;estat en mat\u00e8ria de viol\u00e8ncia de g\u00e8nere. Aix\u00ed, la prioritat ser\u00e0 impulsar activitats dirigides a la poblaci\u00f3 infantil i juvenil, enfocades a afavorir la coeducaci\u00f3 i la promoci\u00f3 de la igualtat d&#8217;oportunitats, eliminant estereotips de g\u00e8nere, prevenci\u00f3 de la viol\u00e8ncia sexual i l&#8217;\u00fas cr\u00edtic d&#8217;internet i noves tecnologies en els centres educatius.<\/p>\n\n\n\n<p>A m\u00e9s, amb&nbsp;aquesta&nbsp;dotaci\u00f3 es duran a terme accions de sensibilitzaci\u00f3 i conscienciaci\u00f3 en mat\u00e8ria d&#8217;igualtat, aix\u00ed com de prevenci\u00f3 i lluita contra la viol\u00e8ncia de g\u00e8nere dirigides a tota la ciutadania.<\/p>\n","protected":false},"excerpt":{"rendered":"<p>La inversi\u00f3 es destinar\u00e0 a programes i accions de sensibilitzaci\u00f3 entre la poblaci\u00f3 El Ministeri d&#8217;Igualtat ha concedit a l&#8217;Ajuntament d&#8217;Almenara una subvenci\u00f3 de 17.861,90 euros que haur\u00e0 de destinar-se a implementar pol\u00edtiques contra la viol\u00e8ncia de g\u00e8nere fins al 30 de juny de 2025.&nbsp;Aquesta&nbsp;ajuda prov\u00e9 de la Secretaria d&#8217;Estat d&#8217;Igualtat i contra la Viol\u00e8ncia &#8230; <a title=\"L&#8217;Ajuntament d&#8217;Almenara rep una subvenci\u00f3 de 17.861,90 euros per a pol\u00edtiques contra la viol\u00e8ncia de g\u00e8nere\" class=\"read-more\" href=\"https:\/\/elcafedepipa.com\/index.php\/2024\/08\/21\/lajuntament-dalmenara-rep-una-subvencio-de-17-86190-euros-per-a-politiques-contra-la-violencia-de-genere\/\" aria-label=\"M\u00e9s informaci\u00f3 sobre L&#8217;Ajuntament d&#8217;Almenara rep una subvenci\u00f3 de 17.861,90 euros per a pol\u00edtiques contra la viol\u00e8ncia de g\u00e8nere\">Read more<\/a><\/p>\n","protected":false},"author":2,"featured_media":0,"comment_status":"closed","ping_status":"closed","sticky":false,"template":"","format":"standard","meta":{"om_disable_all_campaigns":false,"_monsterinsights_skip_tracking":false,"_monsterinsights_sitenote_active":false,"_monsterinsights_sitenote_note":"","_monsterinsights_sitenote_category":0,"_uf_show_specific_survey":0,"_uf_disable_surveys":false,"footnotes":""},"categories":[5],"tags":[],"class_list":["post-4543","post","type-post","status-publish","format-standard","hentry","category-almenara"],"_links":{"self":[{"href":"https:\/\/elcafedepipa.com\/index.php\/wp-json\/wp\/v2\/posts\/4543","targetHints":{"allow":["GET"]}}],"collection":[{"href":"https:\/\/elcafedepipa.com\/index.php\/wp-json\/wp\/v2\/posts"}],"about":[{"href":"https:\/\/elcafedepipa.com\/index.php\/wp-json\/wp\/v2\/types\/post"}],"author":[{"embeddable":true,"href":"https:\/\/elcafedepipa.com\/index.php\/wp-json\/wp\/v2\/users\/2"}],"replies":[{"embeddable":true,"href":"https:\/\/elcafedepipa.com\/index.php\/wp-json\/wp\/v2\/comments?post=4543"}],"version-history":[{"count":0,"href":"https:\/\/elcafedepipa.com\/index.php\/wp-json\/wp\/v2\/posts\/4543\/revisions"}],"wp:attachment":[{"href":"https:\/\/elcafedepipa.com\/index.php\/wp-json\/wp\/v2\/media?parent=4543"}],"wp:term":[{"taxonomy":"category","embeddable":true,"href":"https:\/\/elcafedepipa.com\/index.php\/wp-json\/wp\/v2\/categories?post=4543"},{"taxonomy":"post_tag","embeddable":true,"href":"https:\/\/elcafedepipa.com\/index.php\/wp-json\/wp\/v2\/tags?post=4543"}],"curies":[{"name":"wp","href":"https:\/\/api.w.org\/{rel}","templated":true}]}}