{"id":4535,"date":"2024-08-21T13:13:02","date_gmt":"2024-08-21T11:13:02","guid":{"rendered":"https:\/\/elcafedepipa.com\/?p=4535"},"modified":"2024-08-21T13:13:04","modified_gmt":"2024-08-21T11:13:04","slug":"podcast-te-cuento-zarzuelas-junto-al-mar-inaugurara-el-mac-aquest-diumenge-a-moncofa","status":"publish","type":"post","link":"https:\/\/elcafedepipa.com\/index.php\/2024\/08\/21\/podcast-te-cuento-zarzuelas-junto-al-mar-inaugurara-el-mac-aquest-diumenge-a-moncofa\/","title":{"rendered":"Podcast | &#8216;\u00bfTe cuento zarzuelas? Junto al mar&#8217; inaugurar\u00e0 el MAC aquest diumenge a Moncofa"},"content":{"rendered":"\n<p><strong>\u00c0UDIO |<\/strong> &#8216;\u00bfTe cuento zarzuelas? Junto al mar&#8217; inaugurar\u00e0 el Moncofa al Carrer aquest diumenge, una obra que comptar\u00e0 amb la participaci\u00f3 de Jezabel Esbr\u00ed al piano, Rafa Quirant com a sopranista, Rodrigo Herrero com a tenor i Sara L\u00f3pez i Andrea Font com a sopranos. Est\u00e0 prevista per a aquest diumenge 25 d&#8217;agost a les 23h a la pla\u00e7a Na Violant de Moncofa. Ens conten detalls sobre el repertori i l&#8217;escenografia dos dels seus protagonistes, Jezabel Esbr\u00ed i Rafa Quirant, junt amb el coordinador de l&#8217;acte, Felix Esbr\u00ed.<\/p>\n\n\n\n<figure class=\"wp-block-audio\"><audio controls src=\"https:\/\/elcafedepipa.com\/wp-content\/uploads\/2024\/08\/zarzuela21ag.mp3\"><\/audio><\/figure>\n","protected":false},"excerpt":{"rendered":"<p>\u00c0UDIO | &#8216;\u00bfTe cuento zarzuelas? Junto al mar&#8217; inaugurar\u00e0 el Moncofa al Carrer aquest diumenge, una obra que comptar\u00e0 amb la participaci\u00f3 de Jezabel Esbr\u00ed al piano, Rafa Quirant com a sopranista, Rodrigo Herrero com a tenor i Sara L\u00f3pez i Andrea Font com a sopranos. Est\u00e0 prevista per a aquest diumenge 25 d&#8217;agost a &#8230; <a title=\"Podcast | &#8216;\u00bfTe cuento zarzuelas? Junto al mar&#8217; inaugurar\u00e0 el MAC aquest diumenge a Moncofa\" class=\"read-more\" href=\"https:\/\/elcafedepipa.com\/index.php\/2024\/08\/21\/podcast-te-cuento-zarzuelas-junto-al-mar-inaugurara-el-mac-aquest-diumenge-a-moncofa\/\" aria-label=\"M\u00e9s informaci\u00f3 sobre Podcast | &#8216;\u00bfTe cuento zarzuelas? Junto al mar&#8217; inaugurar\u00e0 el MAC aquest diumenge a Moncofa\">Read more<\/a><\/p>\n","protected":false},"author":2,"featured_media":0,"comment_status":"closed","ping_status":"closed","sticky":false,"template":"","format":"standard","meta":{"om_disable_all_campaigns":false,"_monsterinsights_skip_tracking":false,"_monsterinsights_sitenote_active":false,"_monsterinsights_sitenote_note":"","_monsterinsights_sitenote_category":0,"_uf_show_specific_survey":0,"_uf_disable_surveys":false,"footnotes":""},"categories":[1],"tags":[],"class_list":["post-4535","post","type-post","status-publish","format-standard","hentry","category-non-classe"],"_links":{"self":[{"href":"https:\/\/elcafedepipa.com\/index.php\/wp-json\/wp\/v2\/posts\/4535","targetHints":{"allow":["GET"]}}],"collection":[{"href":"https:\/\/elcafedepipa.com\/index.php\/wp-json\/wp\/v2\/posts"}],"about":[{"href":"https:\/\/elcafedepipa.com\/index.php\/wp-json\/wp\/v2\/types\/post"}],"author":[{"embeddable":true,"href":"https:\/\/elcafedepipa.com\/index.php\/wp-json\/wp\/v2\/users\/2"}],"replies":[{"embeddable":true,"href":"https:\/\/elcafedepipa.com\/index.php\/wp-json\/wp\/v2\/comments?post=4535"}],"version-history":[{"count":0,"href":"https:\/\/elcafedepipa.com\/index.php\/wp-json\/wp\/v2\/posts\/4535\/revisions"}],"wp:attachment":[{"href":"https:\/\/elcafedepipa.com\/index.php\/wp-json\/wp\/v2\/media?parent=4535"}],"wp:term":[{"taxonomy":"category","embeddable":true,"href":"https:\/\/elcafedepipa.com\/index.php\/wp-json\/wp\/v2\/categories?post=4535"},{"taxonomy":"post_tag","embeddable":true,"href":"https:\/\/elcafedepipa.com\/index.php\/wp-json\/wp\/v2\/tags?post=4535"}],"curies":[{"name":"wp","href":"https:\/\/api.w.org\/{rel}","templated":true}]}}