{"id":4511,"date":"2024-08-20T14:04:34","date_gmt":"2024-08-20T12:04:34","guid":{"rendered":"https:\/\/elcafedepipa.com\/?p=4511"},"modified":"2024-08-20T14:04:36","modified_gmt":"2024-08-20T12:04:36","slug":"el-partit-popular-assegura-que-el-govern-del-canvi-prioritza-latencio-sanitaria-amb-el-pressupost-mes-gran-de-la-historia","status":"publish","type":"post","link":"https:\/\/elcafedepipa.com\/index.php\/2024\/08\/20\/el-partit-popular-assegura-que-el-govern-del-canvi-prioritza-latencio-sanitaria-amb-el-pressupost-mes-gran-de-la-historia\/","title":{"rendered":"El Partit Popular assegura que el govern del canvi prioritza l&#8217;atenci\u00f3 sanit\u00e0ria amb\u00a0el pressupost m\u00e9s gran de la\u00a0hist\u00f2ria"},"content":{"rendered":"\n<p><strong>Jos\u00e9 Salas ha assenyalat que \u201cel Consell de Carlos Maz\u00f3n ha apostat des del primer moment per la sanitat, com aix\u00ed es va demostrar en els pressupostos de la Generalitat per a 2024\u201d<\/strong><\/p>\n\n\n\n<p>El diputat del Grup Popular en&nbsp;Les Corts,&nbsp;Pepe&nbsp;Salas, ha destacat que &#8220;el govern del canvi complix amb la seua paraula i situa l&#8217;atenci\u00f3 sanit\u00e0ria al centre de les seues pol\u00edtiques&#8221; amb l&#8217;objectiu de &#8220;millorar i refor\u00e7ar la qualitat assistencial en tots els centres de salut i hospitals de la Comunitat Valenciana&#8221;.<\/p>\n\n\n\n<p>Salas&nbsp;ha subratllat que &#8220;el Consell de Carlos Maz\u00f3n ha apostat per la sanitat des del primer moment, tal com es va demostrar en els pressupostos de la Generalitat per a 2024, amb el pressupost m\u00e9s gran de la hist\u00f2ria en&nbsp;aquesta&nbsp;\u00e0rea, que&nbsp;ascendix a 8.504 milions d&#8217;euros&#8221;.<\/p>\n\n\n\n<p>En&nbsp;aquest&nbsp;sentit, el diputat popular ha remarcat que &#8220;millorar les infraestructures \u00e9s essencial per a oferir el millor servei&#8221;, i ha avan\u00e7at que &#8220;l&#8217;actual govern culminar\u00e0 abans de finalitzar l&#8217;any obres de reforma o nova construcci\u00f3 de centres de salut i hospitals per valor de 100 milions d&#8217;euros&#8221;.<\/p>\n\n\n\n<p>&#8220;Este \u00e9s un exemple m\u00e9s de com el Consell treballa per a millorar la vida de tots els valencians&#8221;, ha indicat&nbsp;Salas, afegint que &#8220;tots els ciutadans de la Comunitat Valenciana mereixen la millor atenci\u00f3 sanit\u00e0ria, des del primer escal\u00f3 amb l&#8217;Atenci\u00f3 Prim\u00e0ria fins als seus hospitals de refer\u00e8ncia i consultoris m\u00e8dics&#8221;.<\/p>\n\n\n\n<p>Jos\u00e9&nbsp;Salas&nbsp;ha recordat que &#8220;el Consell completar\u00e0 enguany obres tan importants com l&#8217;ampliaci\u00f3 de l&#8217;Hospital Cl\u00ednic de Val\u00e8ncia o la de l&#8217;Hospital d&#8217;Ontinyent&#8221;, aix\u00ed com la construcci\u00f3 de nous centres de salut a Campanar, Benidorm, i els consultoris de Vilafam\u00e9s i Sant Francesc d&#8217;Oliva, a m\u00e9s de les obres de reforma dels centres sanitaris d&#8217;Elda, Petrer i Villena.<\/p>\n\n\n\n<p>A m\u00e9s, ha avan\u00e7at que &#8220;la Conselleria ja est\u00e0 treballant en la construcci\u00f3 de noves infraestructures sanit\u00e0ries en localitats com Pedreguer, Moncofa,&nbsp;Moncada, Vinar\u00f2s i Benim\u00e0met&#8221;.<\/p>\n","protected":false},"excerpt":{"rendered":"<p>Jos\u00e9 Salas ha assenyalat que \u201cel Consell de Carlos Maz\u00f3n ha apostat des del primer moment per la sanitat, com aix\u00ed es va demostrar en els pressupostos de la Generalitat per a 2024\u201d El diputat del Grup Popular en&nbsp;Les Corts,&nbsp;Pepe&nbsp;Salas, ha destacat que &#8220;el govern del canvi complix amb la seua paraula i situa l&#8217;atenci\u00f3 &#8230; <a title=\"El Partit Popular assegura que el govern del canvi prioritza l&#8217;atenci\u00f3 sanit\u00e0ria amb\u00a0el pressupost m\u00e9s gran de la\u00a0hist\u00f2ria\" class=\"read-more\" href=\"https:\/\/elcafedepipa.com\/index.php\/2024\/08\/20\/el-partit-popular-assegura-que-el-govern-del-canvi-prioritza-latencio-sanitaria-amb-el-pressupost-mes-gran-de-la-historia\/\" aria-label=\"M\u00e9s informaci\u00f3 sobre El Partit Popular assegura que el govern del canvi prioritza l&#8217;atenci\u00f3 sanit\u00e0ria amb\u00a0el pressupost m\u00e9s gran de la\u00a0hist\u00f2ria\">Read more<\/a><\/p>\n","protected":false},"author":2,"featured_media":4512,"comment_status":"closed","ping_status":"closed","sticky":false,"template":"","format":"standard","meta":{"om_disable_all_campaigns":false,"_monsterinsights_skip_tracking":false,"_monsterinsights_sitenote_active":false,"_monsterinsights_sitenote_note":"","_monsterinsights_sitenote_category":0,"_uf_show_specific_survey":0,"_uf_disable_surveys":false,"footnotes":""},"categories":[11],"tags":[],"class_list":["post-4511","post","type-post","status-publish","format-standard","has-post-thumbnail","hentry","category-comunitatvalenciana"],"_links":{"self":[{"href":"https:\/\/elcafedepipa.com\/index.php\/wp-json\/wp\/v2\/posts\/4511","targetHints":{"allow":["GET"]}}],"collection":[{"href":"https:\/\/elcafedepipa.com\/index.php\/wp-json\/wp\/v2\/posts"}],"about":[{"href":"https:\/\/elcafedepipa.com\/index.php\/wp-json\/wp\/v2\/types\/post"}],"author":[{"embeddable":true,"href":"https:\/\/elcafedepipa.com\/index.php\/wp-json\/wp\/v2\/users\/2"}],"replies":[{"embeddable":true,"href":"https:\/\/elcafedepipa.com\/index.php\/wp-json\/wp\/v2\/comments?post=4511"}],"version-history":[{"count":0,"href":"https:\/\/elcafedepipa.com\/index.php\/wp-json\/wp\/v2\/posts\/4511\/revisions"}],"wp:featuredmedia":[{"embeddable":true,"href":"https:\/\/elcafedepipa.com\/index.php\/wp-json\/wp\/v2\/media\/4512"}],"wp:attachment":[{"href":"https:\/\/elcafedepipa.com\/index.php\/wp-json\/wp\/v2\/media?parent=4511"}],"wp:term":[{"taxonomy":"category","embeddable":true,"href":"https:\/\/elcafedepipa.com\/index.php\/wp-json\/wp\/v2\/categories?post=4511"},{"taxonomy":"post_tag","embeddable":true,"href":"https:\/\/elcafedepipa.com\/index.php\/wp-json\/wp\/v2\/tags?post=4511"}],"curies":[{"name":"wp","href":"https:\/\/api.w.org\/{rel}","templated":true}]}}